{"id":5633,"date":"2014-09-12T07:53:23","date_gmt":"2014-09-12T10:53:23","guid":{"rendered":"http:\/\/ipv.salta.gov.ar\/?p=5633"},"modified":"2014-09-12T07:53:23","modified_gmt":"2014-09-12T10:53:23","slug":"el-ipv-invertira-2-millones-para-mejoras-en-casas-de-las-lajitas","status":"publish","type":"post","link":"http:\/\/ipv.salta.gov.ar\/?p=5633","title":{"rendered":"El IPV invertir\u00e1 $2 millones para mejoras en casas de Las Lajitas"},"content":{"rendered":"<p class=\"texto-descripciones2texto-col-222justificado\" style=\"margin: 0cm 0cm 7.5pt; text-align: justify;\"><strong><span style=\"font-size: 9.5pt; font-family: Helvetica;\"><a href=\"http:\/\/ipv.salta.gov.ar\/wp-content\/uploads\/2014\/09\/11-09-web-ipv-lajitas.jpg\"><img decoding=\"async\" loading=\"lazy\" class=\"alignnone size-medium wp-image-5631\" src=\"http:\/\/ipv.salta.gov.ar\/wp-content\/uploads\/2014\/09\/11-09-web-ipv-lajitas-300x193.jpg\" alt=\"11-09-web-ipv-lajitas\" width=\"300\" height=\"193\" srcset=\"http:\/\/ipv.salta.gov.ar\/wp-content\/uploads\/2014\/09\/11-09-web-ipv-lajitas-300x193.jpg 300w, http:\/\/ipv.salta.gov.ar\/wp-content\/uploads\/2014\/09\/11-09-web-ipv-lajitas.jpg 560w\" sizes=\"(max-width: 300px) 100vw, 300px\" \/><\/a><\/span><\/strong><\/p>\n<p class=\"texto-descripciones2texto-col-222justificado\" style=\"margin: 0cm 0cm 7.5pt; text-align: justify;\"><strong><span style=\"font-size: 9.5pt; font-family: Helvetica;\">Se construir\u00e1n 30 soluciones habitacionales destinadas a las familias m\u00e1s necesitadas.<\/span><\/strong><\/p>\n<p class=\"texto-descripciones2texto-col-222justificado\" style=\"margin: 0cm 0cm 7.5pt; text-align: justify;\"><!--more--><\/p>\n<p style=\"margin: 0cm 0cm 7.5pt; text-align: justify;\"><span style=\"font-size: 10.5pt; font-family: Helvetica; color: #333333;\">Treinta familias de Las Lajitas, departamento Anta, podr\u00e1n refaccionar o ampliar sus viviendas con fondos provinciales. El Interventor del Instituto Provincial de Vivienda, Mat\u00edas Posadas acord\u00f3 con el intendente de esa ciudad, Alberto Fermani, la construcci\u00f3n de 30 soluciones habitacionales, destinadas a las familias m\u00e1s necesitadas. Las soluciones se sumar\u00e1n a las 40 viviendas del Programa Federal Techo Digno, licitadas recientemente para Las Lajitas.<\/span><\/p>\n<p style=\"margin: 0cm 0cm 7.5pt; text-align: justify;\"><span style=\"font-size: 10.5pt; font-family: Helvetica; color: #333333;\">Posadas destac\u00f3 que las soluciones habitacionales se ejecutar\u00e1n a trav\u00e9s de fondos provinciales, por medio del Programa Recuperaci\u00f3n, con una inversi\u00f3n de $1.920.000.<\/span><\/p>\n<p style=\"margin: 0cm 0cm 7.5pt; text-align: justify;\"><span style=\"font-size: 10.5pt; font-family: Helvetica; color: #333333;\">Los mejoramientos consistir\u00e1n en refacciones o ampliaciones de viviendas deficitarias de vecinos que por sus ingresos, est\u00e1n condicionados para acceder a los planes tradicionales del FONAVI.<\/span><\/p>\n<p style=\"margin: 0cm 0cm 7.5pt; text-align: justify;\"><span style=\"font-size: 10.5pt; font-family: Helvetica; color: #333333;\">\u201cMejorar, refaccionar o poder ampliar un hogar dignifica y brinda una mejor calidad de vida a los salte\u00f1os que m\u00e1s lo necesitan\u201d, dijo Posadas, quien enfatiz\u00f3 el valor de los censos sociales que los municipios llevan adelante a trav\u00e9s del contacto directo con sus habitantes.<\/span><\/p>\n<p style=\"margin: 0cm 0cm 7.5pt; text-align: justify;\"><span style=\"font-size: 10.5pt; font-family: Helvetica; color: #333333;\">Precisamente por esta raz\u00f3n, la responsabilidad de elegir a las 30 familias ser\u00e1 de la Municipalidad de Las Lajitas, que tambi\u00e9n se har\u00e1 cargo de las obras, la coordinaci\u00f3n t\u00e9cnica y la verificaci\u00f3n de la correcta ejecuci\u00f3n de los trabajos. En tanto, los fondos ser\u00e1n aportados por la Provincia, a trav\u00e9s del IPV.<\/span><\/p>\n","protected":false},"excerpt":{"rendered":"<p>Se construir\u00e1n 30 soluciones habitacionales destinadas a las familias m\u00e1s necesitadas.<\/p>\n","protected":false},"author":3,"featured_media":5631,"comment_status":"closed","ping_status":"open","sticky":false,"template":"","format":"standard","meta":{"footnotes":""},"categories":[4,49],"tags":[],"_links":{"self":[{"href":"http:\/\/ipv.salta.gov.ar\/index.php?rest_route=\/wp\/v2\/posts\/5633"}],"collection":[{"href":"http:\/\/ipv.salta.gov.ar\/index.php?rest_route=\/wp\/v2\/posts"}],"about":[{"href":"http:\/\/ipv.salta.gov.ar\/index.php?rest_route=\/wp\/v2\/types\/post"}],"author":[{"embeddable":true,"href":"http:\/\/ipv.salta.gov.ar\/index.php?rest_route=\/wp\/v2\/users\/3"}],"replies":[{"embeddable":true,"href":"http:\/\/ipv.salta.gov.ar\/index.php?rest_route=%2Fwp%2Fv2%2Fcomments&post=5633"}],"version-history":[{"count":1,"href":"http:\/\/ipv.salta.gov.ar\/index.php?rest_route=\/wp\/v2\/posts\/5633\/revisions"}],"predecessor-version":[{"id":5634,"href":"http:\/\/ipv.salta.gov.ar\/index.php?rest_route=\/wp\/v2\/posts\/5633\/revisions\/5634"}],"wp:featuredmedia":[{"embeddable":true,"href":"http:\/\/ipv.salta.gov.ar\/index.php?rest_route=\/wp\/v2\/media\/5631"}],"wp:attachment":[{"href":"http:\/\/ipv.salta.gov.ar\/index.php?rest_route=%2Fwp%2Fv2%2Fmedia&parent=5633"}],"wp:term":[{"taxonomy":"category","embeddable":true,"href":"http:\/\/ipv.salta.gov.ar\/index.php?rest_route=%2Fwp%2Fv2%2Fcategories&post=5633"},{"taxonomy":"post_tag","embeddable":true,"href":"http:\/\/ipv.salta.gov.ar\/index.php?rest_route=%2Fwp%2Fv2%2Ftags&post=5633"}],"curies":[{"name":"wp","href":"https:\/\/api.w.org\/{rel}","templated":true}]}}