{"id":5661,"date":"2014-09-18T11:53:10","date_gmt":"2014-09-18T14:53:10","guid":{"rendered":"http:\/\/ipv.salta.gov.ar\/?p=5661"},"modified":"2014-09-18T11:57:23","modified_gmt":"2014-09-18T14:57:23","slug":"el-ipv-avanza-en-planes-rurales-para-evitar-el-desarraigo","status":"publish","type":"post","link":"http:\/\/ipv.salta.gov.ar\/?p=5661","title":{"rendered":"El IPV avanza en planes rurales para evitar el desarraigo"},"content":{"rendered":"<p><a href=\"http:\/\/ipv.salta.gov.ar\/wp-content\/uploads\/2014\/09\/IMG_2123.jpg\"><img decoding=\"async\" loading=\"lazy\" class=\"alignnone size-medium wp-image-5662\" src=\"http:\/\/ipv.salta.gov.ar\/wp-content\/uploads\/2014\/09\/IMG_2123-300x177.jpg\" alt=\"IMG_2123\" width=\"300\" height=\"177\" srcset=\"http:\/\/ipv.salta.gov.ar\/wp-content\/uploads\/2014\/09\/IMG_2123-300x177.jpg 300w, http:\/\/ipv.salta.gov.ar\/wp-content\/uploads\/2014\/09\/IMG_2123-600x355.jpg 600w, http:\/\/ipv.salta.gov.ar\/wp-content\/uploads\/2014\/09\/IMG_2123.jpg 640w\" sizes=\"(max-width: 300px) 100vw, 300px\" \/><\/a><strong>El interventor del IPV Mat\u00edas Posadas se reuni\u00f3 con funcionarios del Ministerio de Agricultura, Ganader\u00eda y Pesca de la Naci\u00f3n, con el objetivo de articular programas productivos y de viviendas para promover el arraigo de los habitantes del interior provincial.<\/strong><!--more--><\/p>\n<p>&nbsp;<\/p>\n<p>\u201cLa decisi\u00f3n de este Gobierno de reducir las migraciones que producen desarraigo, comprende la cuesti\u00f3n energ\u00e9tica, los caminos y la infraestructura, pero sobre todo la respuesta a la necesidad habitacional\u201d, afirm\u00f3 Posadas.<\/p>\n<p>El interventor del IPV Mat\u00edas Posadas recibi\u00f3 a funcionarios del Ministerio de Agricultura, Ganader\u00eda y Pesca de la Naci\u00f3n, quienes intercambiaron informaci\u00f3n y proyectos para la articulaci\u00f3n de programas nacionales y del Gobierno Provincial.<\/p>\n<p>\u201cLas operatorias conjuntas tienden a fortalecer las pol\u00edticas activas de los gobiernos nacional y provincial, destinadas a propiciar condiciones de vida dignas para las familias que habitan en zonas rurales\u201d explic\u00f3 el interventor del IPV.<\/p>\n<p>\u201cEn ese esquema, la vivienda es primordial para fortalecer el v\u00ednculo de pertenencia\u201d, enfatiz\u00f3 Posadas y afirm\u00f3 que es prioridad del Gobierno Provincial destinar recursos y optimizar los programas de Naci\u00f3n para mejorar la vida de los habitantes del interior de la Provincia.<\/p>\n<p>Al encuentro asistieron el subsecretario de Fortalecimiento Institucional de la Secretar\u00eda de Agricultura Familiar, Ramiro Fresneda, la delegada de la Subsecretar\u00eda de Agricultura Familiar, Cristina Sanz, funcionarios de Ceremonial de la Cartera de Agricultura, Roberto Billard y Ayel\u00e9n El\u00edas y por el IPV el coordinador de la Unidad Ejecutora de Programas Descentralizados, Rub\u00e9n Hamada.<\/p>\n","protected":false},"excerpt":{"rendered":"<p>El interventor del IPV Mat\u00edas Posadas se reuni\u00f3 con funcionarios del Ministerio de Agricultura, Ganader\u00eda y Pesca de la Naci\u00f3n, con el objetivo de articular programas productivos y de viviendas para promover el arraigo de los habitantes del interior provincial.<\/p>\n","protected":false},"author":3,"featured_media":5662,"comment_status":"closed","ping_status":"open","sticky":false,"template":"","format":"standard","meta":{"footnotes":""},"categories":[4,49],"tags":[],"_links":{"self":[{"href":"http:\/\/ipv.salta.gov.ar\/index.php?rest_route=\/wp\/v2\/posts\/5661"}],"collection":[{"href":"http:\/\/ipv.salta.gov.ar\/index.php?rest_route=\/wp\/v2\/posts"}],"about":[{"href":"http:\/\/ipv.salta.gov.ar\/index.php?rest_route=\/wp\/v2\/types\/post"}],"author":[{"embeddable":true,"href":"http:\/\/ipv.salta.gov.ar\/index.php?rest_route=\/wp\/v2\/users\/3"}],"replies":[{"embeddable":true,"href":"http:\/\/ipv.salta.gov.ar\/index.php?rest_route=%2Fwp%2Fv2%2Fcomments&post=5661"}],"version-history":[{"count":2,"href":"http:\/\/ipv.salta.gov.ar\/index.php?rest_route=\/wp\/v2\/posts\/5661\/revisions"}],"predecessor-version":[{"id":5664,"href":"http:\/\/ipv.salta.gov.ar\/index.php?rest_route=\/wp\/v2\/posts\/5661\/revisions\/5664"}],"wp:featuredmedia":[{"embeddable":true,"href":"http:\/\/ipv.salta.gov.ar\/index.php?rest_route=\/wp\/v2\/media\/5662"}],"wp:attachment":[{"href":"http:\/\/ipv.salta.gov.ar\/index.php?rest_route=%2Fwp%2Fv2%2Fmedia&parent=5661"}],"wp:term":[{"taxonomy":"category","embeddable":true,"href":"http:\/\/ipv.salta.gov.ar\/index.php?rest_route=%2Fwp%2Fv2%2Fcategories&post=5661"},{"taxonomy":"post_tag","embeddable":true,"href":"http:\/\/ipv.salta.gov.ar\/index.php?rest_route=%2Fwp%2Fv2%2Ftags&post=5661"}],"curies":[{"name":"wp","href":"https:\/\/api.w.org\/{rel}","templated":true}]}}