{"id":5675,"date":"2014-09-19T20:00:33","date_gmt":"2014-09-19T23:00:33","guid":{"rendered":"http:\/\/ipv.salta.gov.ar\/?p=5675"},"modified":"2014-09-22T09:04:14","modified_gmt":"2014-09-22T12:04:14","slug":"el-gobernador-entrego-200-casas-en-el-huayco-y-se-confirmo-la-construccion-de-otras-3-500-en-salta","status":"publish","type":"post","link":"http:\/\/ipv.salta.gov.ar\/?p=5675","title":{"rendered":"El Gobernador entreg\u00f3 200 casas en El Huayco y se confirm\u00f3 la construcci\u00f3n de otras 3.500 en Salta"},"content":{"rendered":"<p class=\"texto-descripciones2texto-col-222justificado\" style=\"text-align: justify; margin: 0cm 0cm 7.5pt 0cm;\"><strong><span style=\"font-size: 9.5pt; font-family: Helvetica;\"><a href=\"http:\/\/ipv.salta.gov.ar\/wp-content\/uploads\/2014\/09\/19-09-web-gob-entrega-viviendas-barrio-huayco2.jpg\"><img decoding=\"async\" loading=\"lazy\" class=\"alignnone size-medium wp-image-5674\" src=\"http:\/\/ipv.salta.gov.ar\/wp-content\/uploads\/2014\/09\/19-09-web-gob-entrega-viviendas-barrio-huayco2-300x193.jpg\" alt=\"19-09-web-gob-entrega-viviendas-barrio-huayco2\" width=\"300\" height=\"193\" srcset=\"http:\/\/ipv.salta.gov.ar\/wp-content\/uploads\/2014\/09\/19-09-web-gob-entrega-viviendas-barrio-huayco2-300x193.jpg 300w, http:\/\/ipv.salta.gov.ar\/wp-content\/uploads\/2014\/09\/19-09-web-gob-entrega-viviendas-barrio-huayco2.jpg 560w\" sizes=\"(max-width: 300px) 100vw, 300px\" \/><\/a><\/span><\/strong><\/p>\n<p class=\"texto-descripciones2texto-col-222justificado\" style=\"text-align: justify; margin: 0cm 0cm 7.5pt 0cm;\"><strong><span style=\"font-size: 9.5pt; font-family: Helvetica;\">La Provincia<\/span><span style=\"font-size: 9.5pt; font-family: Helvetica;\"> recibi\u00f3 un anticipo financiero para comenzar en diez d\u00edas la obra de 1300 casas. Adem\u00e1s iniciar\u00e1 el proceso licitatorio de 2298 viviendas. Juan Manuel Urtubey finalizar\u00e1 su segundo mandato con m\u00e1s de 20.000 familias beneficiadas. El Secretario de Obras P\u00fablicas de Naci\u00f3n destac\u00f3 la capacidad de gesti\u00f3n de la Provincia.<\/span><\/strong><\/p>\n<p class=\"texto-descripciones2texto-col-222justificado\" style=\"text-align: justify; margin: 0cm 0cm 7.5pt 0cm;\"><!--more--><\/p>\n<p style=\"margin: 0cm; margin-bottom: .0001pt; text-align: justify;\"><span style=\"font-size: 10.5pt; font-family: Helvetica; color: #333333;\">Doscientas familias salte\u00f1as recibieron esta tarde su casa propia en barrio El Huayco, en uno de los actos m\u00e1s trascendentes de los \u00faltimos tiempos en materia de viviendas, porque se anunci\u00f3 que Salta recibir\u00e1 fondos para que 3.500 familias m\u00e1s puedan tener un hogar y adem\u00e1s porque una familia cumpli\u00f3 su sue\u00f1o tras 31 a\u00f1os de espera. Silvia Escobar y Juan Carlos Acosta, inscriptos desde 1983, por decisi\u00f3n del gobernador\u00a0<strong><span style=\"font-family: Helvetica;\">Juan Manuel Urtubey<\/span><\/strong>\u00a0recibieron una casa recuperada por el IPV, ante el incumplimiento de sus anteriores adjudicatarios.<\/span><\/p>\n<p style=\"margin: 0cm; margin-bottom: .0001pt; text-align: justify; background-position: initial initial; background-repeat: initial initial;\"><span style=\"font-size: 10.5pt; font-family: Helvetica; color: #333333;\">El acto, encabezado por el gobernador Juan Manuel Urtubey, cont\u00f3 tambi\u00e9n con la presencia del secretario de Obras P\u00fablicas de la Naci\u00f3n,\u00a0<strong><span style=\"font-family: Helvetica;\">Jos\u00e9 L\u00f3pez<\/span><\/strong>, quien hizo entrega al mandatario de un anticipo financiero para comenzar en diez d\u00edas la construcci\u00f3n de casi 1.300 casas y confirm\u00f3 el inicio del proceso licitatorio a cargo de la Provincia para 2298 viviendas que se erigir\u00e1n en todo el territorio salte\u00f1o.<\/span><\/p>\n<p style=\"text-align: justify; background-position: initial initial; background-repeat: initial initial; margin: 0cm 0cm 7.5pt 0cm;\"><span style=\"font-size: 10.5pt; font-family: Helvetica; color: #333333;\">\u201cEstamos para que nuestra gente viva mejor, no para otra cosa\u201d, expres\u00f3 el mandatario. Resalt\u00f3 el trabajo en equipo de Naci\u00f3n- Provincia y Municipios, pero dijo que todo es posible por el apoyo del pueblo salte\u00f1o, que hace \u201cla parte m\u00e1s importante para construir una sociedad mejor\u201d.<\/span><\/p>\n<p style=\"text-align: justify; background-position: initial initial; background-repeat: initial initial; margin: 0cm 0cm 7.5pt 0cm;\"><span style=\"font-size: 10.5pt; font-family: Helvetica; color: #333333;\">Actualmente en Salta est\u00e1n en ejecuci\u00f3n 3.500 viviendas, se entregaron desde diciembre de 2007, viviendas para 13.000 familias y con estos nuevos anuncios, el gobernador Urtubey finalizar\u00e1 su segundo mandato con 20.000 soluciones habitacionales. En el acto se mencion\u00f3 esta cifra como un r\u00e9cord in\u00e9dito para Salta, no como un simple n\u00famero, sino que se trata de miles de familias\u00a0 que pudieron lograr un hogar.<\/span><\/p>\n<p style=\"margin: 0cm; margin-bottom: .0001pt; text-align: justify; background-position: initial initial; background-repeat: initial initial;\"><span style=\"font-size: 10.5pt; font-family: Helvetica; color: #333333;\">El Gobernador reconoci\u00f3 que muchas familias esperan a\u00fan su vivienda, pero reforz\u00f3 el compromiso con la pol\u00edtica habitacional. Hace pocas semanas anunci\u00f3 la construcci\u00f3n de 1.300 casas, distribuidas tanto en Capital como en el interior. Las 2298 viviendas confirmadas esta tarde aumentar\u00e1n este r\u00e9cord y corresponden al anuncio realizado por la presidenta\u00a0<strong><span style=\"font-family: Helvetica;\">Cristina Fern\u00e1ndez de Kirchner<\/span><\/strong>\u00a0que prev\u00e9 la construcci\u00f3n de m\u00e1s de 100 mil casas en todo el pa\u00eds, con un presupuesto de casi 28 mil millones de pesos.<\/span><\/p>\n<p style=\"text-align: justify; background-position: initial initial; background-repeat: initial initial; margin: 0cm 0cm 7.5pt 0cm;\"><span style=\"font-size: 10.5pt; font-family: Helvetica; color: #333333;\">En Salta se invertir\u00e1 1.000 millones de pesos en estas 2.298 casas, pero esencialmente dinamizar\u00e1 la actividad econ\u00f3mica y generar\u00e1 cientos de puestos de trabajo registrados en forma directa.<\/span><\/p>\n<p style=\"text-align: justify; background-position: initial initial; background-repeat: initial initial; margin: 0cm 0cm 7.5pt 0cm;\"><span style=\"font-size: 10.5pt; font-family: Helvetica; color: #333333;\">\u201cHemos conformado un verdadero equipo de trabajo, que en Argentina conduce Cristina Fern\u00e1ndez y a m\u00ed me toca en la provincia\u201d, expres\u00f3 el Gobernador; adem\u00e1s destac\u00f3 el apoyo y aporte del vicegobernador Andr\u00e9s Zottos, de los intendentes y de los legisladores.<\/span><\/p>\n<p style=\"text-align: justify; background-position: initial initial; background-repeat: initial initial; margin: 0cm 0cm 7.5pt 0cm;\"><span style=\"font-size: 10.5pt; font-family: Helvetica; color: #333333;\">Urtubey inici\u00f3 su discurso agradeciendo al pueblo de Salta por el afecto y el apoyo incondicional demostrado en los \u00faltimos d\u00edas para \u00e9l y su familia.<\/span><\/p>\n<p style=\"text-align: justify; background-position: initial initial; background-repeat: initial initial; margin: 0cm 0cm 7.5pt 0cm;\"><span style=\"font-size: 10.5pt; font-family: Helvetica; color: #333333;\">Asistieron al acto el subsecretario de Desarrollo Urbano y Vivienda de la Naci\u00f3n, Germ\u00e1n Nivello, el presidente de la C\u00e1mara de Diputados, Manuel Santiago Godoy, el intendente de la ciudad de Salta, Miguel Isa, el ministro de Econom\u00eda Carlos Parodi, el interventor de IPV, Mat\u00edas Posadas, y ministros del Ejecutivo provincial.<\/span><\/p>\n<p style=\"margin: 0cm; margin-bottom: .0001pt; text-align: justify; background-position: initial initial; background-repeat: initial initial;\"><strong><span style=\"font-size: 10.5pt; font-family: Helvetica; color: #333333;\">\u201cDemostrada capacidad de gesti\u00f3n\u201d<\/span><\/strong><\/p>\n<p style=\"text-align: justify; background-position: initial initial; background-repeat: initial initial; margin: 0cm 0cm 7.5pt 0cm;\"><span style=\"font-size: 10.5pt; font-family: Helvetica; color: #333333;\">Jos\u00e9 L\u00f3pez, secretario de Obras P\u00fablicas de la Naci\u00f3n, en primer lugar felicit\u00f3 al Gobernador por la decisi\u00f3n de adjudicar una vivienda recuperada a una familia inscripta desde 1983 y calific\u00f3 este hecho como \u201cun acto de reparaci\u00f3n hist\u00f3rica\u201d.<\/span><\/p>\n<p style=\"text-align: justify; background-position: initial initial; background-repeat: initial initial; margin: 0cm 0cm 7.5pt 0cm;\"><span style=\"font-size: 10.5pt; font-family: Helvetica; color: #333333;\">El funcionario nacional fundament\u00f3 estos anuncios por las gestiones y eficiencia que se muestra desde Salta. \u201cEsta Provincia tiene demostrada capacidad de gesti\u00f3n\u201d, asegur\u00f3 y manifest\u00f3 que por este motivo en sesenta o noventa d\u00edas podr\u00eda iniciarse la construcci\u00f3n de estas 2298 nuevas viviendas.\u00a0\u00a0<\/span><\/p>\n<p style=\"margin: 0cm; margin-bottom: .0001pt; text-align: justify; background-position: initial initial; background-repeat: initial initial;\"><strong><span style=\"font-size: 10.5pt; font-family: Helvetica; color: #333333;\">El Huayco<\/span><\/strong><\/p>\n<p style=\"text-align: justify; background-position: initial initial; background-repeat: initial initial; margin: 0cm 0cm 7.5pt 0cm;\"><span style=\"font-size: 10.5pt; font-family: Helvetica; color: #333333;\">En esta zona de la ciudad de Salta, una de las urbanizaciones m\u00e1s grandes de la provincia, viven aproximadamente 20 mil salte\u00f1os en 4.500 casas entregadas hasta el momento.<\/span><\/p>\n<p style=\"text-align: justify; background-position: initial initial; background-repeat: initial initial; margin: 0cm 0cm 7.5pt 0cm;\"><span style=\"font-size: 10.5pt; font-family: Helvetica; color: #333333;\">Las 200 casas entregadas esta tarde, forman parte de una etapa de 500 unidades habitacionales. Hace semanas se entregaron 200 y restan \u00fanicamente 100 viviendas adjudicadas que est\u00e1n en construcci\u00f3n.<\/span><\/p>\n","protected":false},"excerpt":{"rendered":"<p>La Provincia recibi\u00f3 un anticipo financiero para comenzar en diez d\u00edas la obra de 1300 casas. Adem\u00e1s iniciar\u00e1 el proceso licitatorio de 2298 viviendas. Juan Manuel Urtubey finalizar\u00e1 su segundo mandato con m\u00e1s de 20.000 familias beneficiadas. El Secretario de Obras P\u00fablicas de Naci\u00f3n destac\u00f3 la capacidad de gesti\u00f3n de la Provincia.<\/p>\n","protected":false},"author":3,"featured_media":5674,"comment_status":"closed","ping_status":"open","sticky":false,"template":"","format":"standard","meta":{"footnotes":""},"categories":[4,49],"tags":[],"_links":{"self":[{"href":"http:\/\/ipv.salta.gov.ar\/index.php?rest_route=\/wp\/v2\/posts\/5675"}],"collection":[{"href":"http:\/\/ipv.salta.gov.ar\/index.php?rest_route=\/wp\/v2\/posts"}],"about":[{"href":"http:\/\/ipv.salta.gov.ar\/index.php?rest_route=\/wp\/v2\/types\/post"}],"author":[{"embeddable":true,"href":"http:\/\/ipv.salta.gov.ar\/index.php?rest_route=\/wp\/v2\/users\/3"}],"replies":[{"embeddable":true,"href":"http:\/\/ipv.salta.gov.ar\/index.php?rest_route=%2Fwp%2Fv2%2Fcomments&post=5675"}],"version-history":[{"count":1,"href":"http:\/\/ipv.salta.gov.ar\/index.php?rest_route=\/wp\/v2\/posts\/5675\/revisions"}],"predecessor-version":[{"id":5676,"href":"http:\/\/ipv.salta.gov.ar\/index.php?rest_route=\/wp\/v2\/posts\/5675\/revisions\/5676"}],"wp:featuredmedia":[{"embeddable":true,"href":"http:\/\/ipv.salta.gov.ar\/index.php?rest_route=\/wp\/v2\/media\/5674"}],"wp:attachment":[{"href":"http:\/\/ipv.salta.gov.ar\/index.php?rest_route=%2Fwp%2Fv2%2Fmedia&parent=5675"}],"wp:term":[{"taxonomy":"category","embeddable":true,"href":"http:\/\/ipv.salta.gov.ar\/index.php?rest_route=%2Fwp%2Fv2%2Fcategories&post=5675"},{"taxonomy":"post_tag","embeddable":true,"href":"http:\/\/ipv.salta.gov.ar\/index.php?rest_route=%2Fwp%2Fv2%2Ftags&post=5675"}],"curies":[{"name":"wp","href":"https:\/\/api.w.org\/{rel}","templated":true}]}}