{"id":5678,"date":"2014-09-21T13:14:38","date_gmt":"2014-09-21T16:14:38","guid":{"rendered":"http:\/\/ipv.salta.gov.ar\/?p=5678"},"modified":"2014-09-22T09:16:05","modified_gmt":"2014-09-22T12:16:05","slug":"se-anuncio-la-licitacion-de-2298-nuevas-viviendas-en-salta","status":"publish","type":"post","link":"http:\/\/ipv.salta.gov.ar\/?p=5678","title":{"rendered":"Se anunci\u00f3 la licitaci\u00f3n de 2298 nuevas viviendas en Salta"},"content":{"rendered":"<p class=\"texto-descripciones2texto-col-222justificado\" style=\"text-align: justify; margin: 0cm 0cm 7.5pt 0cm;\"><strong><span style=\"font-size: 9.5pt; font-family: Helvetica;\"><a href=\"http:\/\/ipv.salta.gov.ar\/wp-content\/uploads\/2014\/09\/19-09-web-reunion-funcionarios-nacionales-provinciales.jpg\"><img decoding=\"async\" loading=\"lazy\" class=\"alignnone size-medium wp-image-5677\" src=\"http:\/\/ipv.salta.gov.ar\/wp-content\/uploads\/2014\/09\/19-09-web-reunion-funcionarios-nacionales-provinciales-300x193.jpg\" alt=\"19-09-web-reunion-funcionarios-nacionales-provinciales\" width=\"300\" height=\"193\" srcset=\"http:\/\/ipv.salta.gov.ar\/wp-content\/uploads\/2014\/09\/19-09-web-reunion-funcionarios-nacionales-provinciales-300x193.jpg 300w, http:\/\/ipv.salta.gov.ar\/wp-content\/uploads\/2014\/09\/19-09-web-reunion-funcionarios-nacionales-provinciales.jpg 560w\" sizes=\"(max-width: 300px) 100vw, 300px\" \/><\/a><\/span><\/strong><\/p>\n<p class=\"texto-descripciones2texto-col-222justificado\" style=\"text-align: justify; margin: 0cm 0cm 7.5pt 0cm;\"><strong><span style=\"font-size: 9.5pt; font-family: Helvetica;\">Con el nuevo plan se incrementara el r\u00e9cord en construcci\u00f3n de viviendas, ya que hoy existen m\u00e1s de 3.000 en ejecuci\u00f3n. El anuncio fue formulado por el Secretario de Obras P\u00fablicas de la Naci\u00f3n, Jos\u00e9 Francisco L\u00f3pez, en el marco de una reuni\u00f3n con funcionarios nacionales y provinciales.<\/span><\/strong><\/p>\n<p class=\"texto-descripciones2texto-col-222justificado\" style=\"text-align: justify; margin: 0cm 0cm 7.5pt 0cm;\"><!--more--><\/p>\n<p style=\"margin: 0cm; margin-bottom: .0001pt; text-align: justify;\"><span style=\"font-size: 10.5pt; font-family: Helvetica; color: #333333;\">Al cabo de una reuni\u00f3n de trabajo con autoridades nacionales, encabezada por el vicegobernador,\u00a0<strong><span style=\"font-family: Helvetica;\">Andr\u00e9s Zottos<\/span><\/strong>, se anunci\u00f3 el inicio del proceso licitatorio de 2.298 nuevas viviendas en la provincia.<\/span><\/p>\n<p style=\"margin: 0cm; margin-bottom: .0001pt; text-align: justify; background-position: initial initial; background-repeat: initial initial;\"><span style=\"font-size: 10.5pt; font-family: Helvetica; color: #333333;\">El anuncio, formulado por el secretario de Obras P\u00fablicas de la Naci\u00f3n,\u00a0<strong><span style=\"font-family: Helvetica;\">Jos\u00e9 Francisco L\u00f3pez<\/span><\/strong>, quien lleg\u00f3 a Salta junto al subsecretario de Desarrollo Urbano y Vivienda,\u00a0<strong><span style=\"font-family: Helvetica;\">Germ\u00e1n Nivello<\/span><\/strong>, se inserta en el marco del plan de viviendas lanzado hace un mes por la presidenta\u00a0<strong><span style=\"font-family: Helvetica;\">Cristina Fern\u00e1ndez de Kirchner<\/span><\/strong>, que prev\u00e9 la construcci\u00f3n de m\u00e1s de 100 mil casas en todo el pa\u00eds, con un presupuesto de casi 28 mil millones de pesos.<\/span><\/p>\n<p style=\"text-align: justify; background-position: initial initial; background-repeat: initial initial; margin: 0cm 0cm 7.5pt 0cm;\"><span style=\"font-size: 10.5pt; font-family: Helvetica; color: #333333;\">L\u00f3pez sostuvo que la Provincia podr\u00e1 licitar la obra de construcci\u00f3n de las nuevas 2.298 viviendas. A ello se suma a la disposici\u00f3n inmediata de un anticipo financiero para otras 758 viviendas y otro anticipo por 500 viviendas previsto para la pr\u00f3xima semana, que redondear\u00e1n un total de 1.258 unidades habitacionales, por lo cual se pondr\u00e1n en marcha 3.556 viviendas en total.<\/span><\/p>\n<p style=\"text-align: justify; background-position: initial initial; background-repeat: initial initial; margin: 0cm 0cm 7.5pt 0cm;\"><span style=\"font-size: 10.5pt; font-family: Helvetica; color: #333333;\">\u00a0\u201cQueremos fijar una posici\u00f3n coherente con las acciones que estamos desarrollando para sostener el empleo y la actividad econ\u00f3mica, generando m\u00e1s rentabilidad\u201d, afirm\u00f3.<\/span><\/p>\n<p style=\"text-align: justify; background-position: initial initial; background-repeat: initial initial; margin: 0cm 0cm 7.5pt 0cm;\"><span style=\"font-size: 10.5pt; font-family: Helvetica; color: #333333;\">\u201cHoy le toca a Salta ser parte de estos importantes anuncios formulados hace 30 d\u00edas por la Presidenta y que sin dudas van a tener un efecto multiplicador, no solo en toda la cadena de valor del sector y los trabajadores, sino en la econom\u00eda de la Provincia\u201d, afirm\u00f3 Zottos.<\/span><\/p>\n<p style=\"text-align: justify; background-position: initial initial; background-repeat: initial initial; margin: 0cm 0cm 7.5pt 0cm;\"><span style=\"font-size: 10.5pt; font-family: Helvetica; color: #333333;\">Del mismo modo, dijo que el empleo de trabajadores del sector experimentar\u00e1 un importante avance, que permitir\u00e1 llevar el n\u00famero actual de obreros registrados, de 7.000 a 10.000.<\/span><\/p>\n<p style=\"margin: 0cm; margin-bottom: .0001pt; text-align: justify; background-position: initial initial; background-repeat: initial initial;\"><span style=\"font-size: 10.5pt; font-family: Helvetica; color: #333333;\">Por su parte, el ministro de Econom\u00eda y Obras P\u00fablicas,\u00a0<strong><span style=\"font-family: Helvetica;\">Carlos Parodi<\/span><\/strong>, consider\u00f3 que con este anuncio se reforzar\u00e1 a\u00fan m\u00e1s el r\u00e9cord en construcci\u00f3n de viviendas, ya que hoy existen m\u00e1s de 3.000 en ejecuci\u00f3n.<\/span><\/p>\n<p style=\"margin: 0cm; margin-bottom: .0001pt; text-align: justify; background-position: initial initial; background-repeat: initial initial;\"><span style=\"font-size: 10.5pt; font-family: Helvetica; color: #333333;\">Del encuentro, llevado a cabo en el Centro de Convenciones del Grand Bourg, participaron adem\u00e1s el ministro de trabajo,\u00a0<strong><span style=\"font-family: Helvetica;\">Eduardo Costello<\/span><\/strong>; el interventor del IPV,\u00a0<strong><span style=\"font-family: Helvetica;\">Mat\u00edas Posadas<\/span><\/strong>, el secretario de Obras P\u00fablicas,\u00a0<strong><span style=\"font-family: Helvetica;\">Sergio Zorpudes<\/span><\/strong>; el secretario General de la UOCRA,\u00a0<strong><span style=\"font-family: Helvetica;\">Augusto Ort\u00edz<\/span><\/strong>; el presidente de la C\u00e1mara Argentina de la Construcci\u00f3n,\u00a0<strong><span style=\"font-family: Helvetica;\">Jorge Banchik<\/span><\/strong>, su par de la C\u00e1mara Salte\u00f1a,\u00a0<strong><span style=\"font-family: Helvetica;\">Guillermo Arroyo<\/span><\/strong>, adem\u00e1s de empresarios del rubro.<\/span><\/p>\n","protected":false},"excerpt":{"rendered":"<p>Con el nuevo plan se incrementara el r\u00e9cord en construcci\u00f3n de viviendas, ya que hoy existen m\u00e1s de 3.000 en ejecuci\u00f3n. El anuncio fue formulado por el Secretario de Obras P\u00fablicas de la Naci\u00f3n, Jos\u00e9 Francisco L\u00f3pez, en el marco de una reuni\u00f3n con funcionarios nacionales y provinciales.<\/p>\n","protected":false},"author":3,"featured_media":5677,"comment_status":"closed","ping_status":"open","sticky":false,"template":"","format":"standard","meta":{"footnotes":""},"categories":[4,49],"tags":[],"_links":{"self":[{"href":"http:\/\/ipv.salta.gov.ar\/index.php?rest_route=\/wp\/v2\/posts\/5678"}],"collection":[{"href":"http:\/\/ipv.salta.gov.ar\/index.php?rest_route=\/wp\/v2\/posts"}],"about":[{"href":"http:\/\/ipv.salta.gov.ar\/index.php?rest_route=\/wp\/v2\/types\/post"}],"author":[{"embeddable":true,"href":"http:\/\/ipv.salta.gov.ar\/index.php?rest_route=\/wp\/v2\/users\/3"}],"replies":[{"embeddable":true,"href":"http:\/\/ipv.salta.gov.ar\/index.php?rest_route=%2Fwp%2Fv2%2Fcomments&post=5678"}],"version-history":[{"count":1,"href":"http:\/\/ipv.salta.gov.ar\/index.php?rest_route=\/wp\/v2\/posts\/5678\/revisions"}],"predecessor-version":[{"id":5679,"href":"http:\/\/ipv.salta.gov.ar\/index.php?rest_route=\/wp\/v2\/posts\/5678\/revisions\/5679"}],"wp:featuredmedia":[{"embeddable":true,"href":"http:\/\/ipv.salta.gov.ar\/index.php?rest_route=\/wp\/v2\/media\/5677"}],"wp:attachment":[{"href":"http:\/\/ipv.salta.gov.ar\/index.php?rest_route=%2Fwp%2Fv2%2Fmedia&parent=5678"}],"wp:term":[{"taxonomy":"category","embeddable":true,"href":"http:\/\/ipv.salta.gov.ar\/index.php?rest_route=%2Fwp%2Fv2%2Fcategories&post=5678"},{"taxonomy":"post_tag","embeddable":true,"href":"http:\/\/ipv.salta.gov.ar\/index.php?rest_route=%2Fwp%2Fv2%2Ftags&post=5678"}],"curies":[{"name":"wp","href":"https:\/\/api.w.org\/{rel}","templated":true}]}}