{"id":5686,"date":"2014-09-29T08:09:16","date_gmt":"2014-09-29T11:09:16","guid":{"rendered":"http:\/\/ipv.salta.gov.ar\/?p=5686"},"modified":"2014-09-29T08:09:16","modified_gmt":"2014-09-29T11:09:16","slug":"el-ipv-y-aguas-del-norte-suscribieron-convenio-para-el-financiamiento-de-obras-de-agua-potable-y-cloacas","status":"publish","type":"post","link":"http:\/\/ipv.salta.gov.ar\/?p=5686","title":{"rendered":"El IPV y Aguas del Norte suscribieron convenio para el financiamiento de obras de agua potable y cloacas"},"content":{"rendered":"<p class=\"texto-descripciones2texto-col-222justificado\" style=\"text-align: justify; margin: 0cm 0cm 7.5pt 0cm;\"><strong><span style=\"font-size: 10.0pt; font-family: Helvetica;\"><a href=\"http:\/\/ipv.salta.gov.ar\/wp-content\/uploads\/2014\/09\/aguaseditada.jpg\"><img decoding=\"async\" loading=\"lazy\" class=\"alignnone size-medium wp-image-5685\" src=\"http:\/\/ipv.salta.gov.ar\/wp-content\/uploads\/2014\/09\/aguaseditada-300x193.jpg\" alt=\"aguaseditada\" width=\"300\" height=\"193\" srcset=\"http:\/\/ipv.salta.gov.ar\/wp-content\/uploads\/2014\/09\/aguaseditada-300x193.jpg 300w, http:\/\/ipv.salta.gov.ar\/wp-content\/uploads\/2014\/09\/aguaseditada.jpg 560w\" sizes=\"(max-width: 300px) 100vw, 300px\" \/><\/a><\/span><\/strong><\/p>\n<p class=\"texto-descripciones2texto-col-222justificado\" style=\"text-align: justify; margin: 0cm 0cm 7.5pt 0cm;\"><strong><span style=\"font-size: 10.0pt; font-family: Helvetica;\">El acuerdo establece que una vez licitadas la construcci\u00f3n de las viviendas comenzar\u00e1 la ejecuci\u00f3n de las obras de infraestructura de agua y cloacas.<\/span><\/strong><\/p>\n<p class=\"texto-descripciones2texto-col-222justificado\" style=\"text-align: justify; margin: 0cm 0cm 7.5pt 0cm;\"><!--more--><\/p>\n<p style=\"margin: 0cm; margin-bottom: .0001pt; text-align: justify;\"><span style=\"font-size: 10.5pt; font-family: Helvetica; color: #333333;\">El interventor del Instituto Provincial de Vivienda, Mat\u00edas Posadas, firm\u00f3 con el director de Aguas del Norte, Roque Mascarello,\u00a0el convenio para el financiamiento de obras de agua potable y cloacas, que beneficiar\u00e1 a los barrios realizados y por ejecutarse del IPV.<\/span><\/p>\n<p style=\"margin: 0cm; margin-bottom: .0001pt; text-align: justify;\"><span style=\"font-size: 10.5pt; font-family: Helvetica; color: #333333;\"><br \/>\nEl acuerdo establece que una vez licitadas la construcci\u00f3n de las viviendas, comenzar\u00e1 la ejecuci\u00f3n de las obras de infraestructura de agua y cloacas, cumpliendo con los requisitos de prefactibilidad requeridos por Aguas del Norte.<br \/>\nPor su parte la Aguas del Norte se compromete a realizar todas las tareas tendientes a lograr el acondicionamiento y mejora de los sistemas de conducci\u00f3n de agua y conexi\u00f3n de cloacas.<\/span><\/p>\n<p style=\"margin: 0cm; margin-bottom: .0001pt; text-align: justify;\"><span style=\"font-size: 10.5pt; font-family: Helvetica; color: #333333;\"><br \/>\nAguas del Norte tambi\u00e9n deber\u00e1 ocuparse del relevamiento t\u00e9cnico de los barrios del IPV ya realizados y a ejecutarse, como as\u00ed tambi\u00e9n de los informes y proyectos necesarios para la optimizaci\u00f3n del servicio de agua y saneamiento.<\/span><\/p>\n<p style=\"margin: 0cm; margin-bottom: .0001pt; text-align: justify;\"><span style=\"font-size: 10.5pt; font-family: Helvetica; color: #333333;\"><br \/>\nEn ese sentido, \u00a0Posadas precis\u00f3 que adem\u00e1s del financiamiento de las obras, el IPV facilitar\u00e1 toda la documentaci\u00f3n necesaria para el relevamiento de los barrios y que analizar\u00e1 cada proyecto y propuesta presentada por Aguas del Norte.<\/span><\/p>\n","protected":false},"excerpt":{"rendered":"<p>El acuerdo establece que una vez licitadas la construcci\u00f3n de las viviendas comenzar\u00e1 la ejecuci\u00f3n de las obras de infraestructura de agua y cloacas.<\/p>\n","protected":false},"author":3,"featured_media":5685,"comment_status":"closed","ping_status":"open","sticky":false,"template":"","format":"standard","meta":{"footnotes":""},"categories":[4,49],"tags":[],"_links":{"self":[{"href":"http:\/\/ipv.salta.gov.ar\/index.php?rest_route=\/wp\/v2\/posts\/5686"}],"collection":[{"href":"http:\/\/ipv.salta.gov.ar\/index.php?rest_route=\/wp\/v2\/posts"}],"about":[{"href":"http:\/\/ipv.salta.gov.ar\/index.php?rest_route=\/wp\/v2\/types\/post"}],"author":[{"embeddable":true,"href":"http:\/\/ipv.salta.gov.ar\/index.php?rest_route=\/wp\/v2\/users\/3"}],"replies":[{"embeddable":true,"href":"http:\/\/ipv.salta.gov.ar\/index.php?rest_route=%2Fwp%2Fv2%2Fcomments&post=5686"}],"version-history":[{"count":1,"href":"http:\/\/ipv.salta.gov.ar\/index.php?rest_route=\/wp\/v2\/posts\/5686\/revisions"}],"predecessor-version":[{"id":5687,"href":"http:\/\/ipv.salta.gov.ar\/index.php?rest_route=\/wp\/v2\/posts\/5686\/revisions\/5687"}],"wp:featuredmedia":[{"embeddable":true,"href":"http:\/\/ipv.salta.gov.ar\/index.php?rest_route=\/wp\/v2\/media\/5685"}],"wp:attachment":[{"href":"http:\/\/ipv.salta.gov.ar\/index.php?rest_route=%2Fwp%2Fv2%2Fmedia&parent=5686"}],"wp:term":[{"taxonomy":"category","embeddable":true,"href":"http:\/\/ipv.salta.gov.ar\/index.php?rest_route=%2Fwp%2Fv2%2Fcategories&post=5686"},{"taxonomy":"post_tag","embeddable":true,"href":"http:\/\/ipv.salta.gov.ar\/index.php?rest_route=%2Fwp%2Fv2%2Ftags&post=5686"}],"curies":[{"name":"wp","href":"https:\/\/api.w.org\/{rel}","templated":true}]}}