{"id":5697,"date":"2014-10-01T08:22:22","date_gmt":"2014-10-01T11:22:22","guid":{"rendered":"http:\/\/ipv.salta.gov.ar\/?p=5697"},"modified":"2014-10-02T08:22:39","modified_gmt":"2014-10-02T11:22:39","slug":"la-provincia-invierte-15-millones-en-viviendas-para-joaquin-v-gonzalez","status":"publish","type":"post","link":"http:\/\/ipv.salta.gov.ar\/?p=5697","title":{"rendered":"La Provincia invierte $15 millones en viviendas para Joaqu\u00edn V. Gonz\u00e1lez"},"content":{"rendered":"<p style=\"text-align: justify;\"><strong><a href=\"http:\/\/ipv.salta.gov.ar\/wp-content\/uploads\/2014\/10\/01-10-web-ipv.jpg\"><img decoding=\"async\" loading=\"lazy\" class=\"alignnone size-medium wp-image-5699\" src=\"http:\/\/ipv.salta.gov.ar\/wp-content\/uploads\/2014\/10\/01-10-web-ipv-300x193.jpg\" alt=\"01-10-web-ipv\" width=\"300\" height=\"193\" srcset=\"http:\/\/ipv.salta.gov.ar\/wp-content\/uploads\/2014\/10\/01-10-web-ipv-300x193.jpg 300w, http:\/\/ipv.salta.gov.ar\/wp-content\/uploads\/2014\/10\/01-10-web-ipv.jpg 560w\" sizes=\"(max-width: 300px) 100vw, 300px\" \/><\/a><\/strong><\/p>\n<p style=\"text-align: justify;\"><strong>Esta semana comenzar\u00e1 la construcci\u00f3n de 50 nuevas viviendas en Joaqu\u00edn V Gonz\u00e1lez, del departamento Anta, donde se invertir\u00e1 unos 15 millones de pesos. Las casas se sumar\u00e1n a las miles de viviendas que se ejecutan en el interior y a las 800 ya licitadas.<\/strong><\/p>\n<p style=\"text-align: justify;\"><!--more--><\/p>\n<p style=\"text-align: justify;\">\u00a0El Interventor del IPV Mat\u00edas Posadas recibi\u00f3 al intendente de Gonz\u00e1lez, Juan Aguirre, a quien precis\u00f3 detalles sobre el inicio de la construcci\u00f3n de las nuevas viviendas\u00a0en el municipio, que\u00a0ser\u00e1n edificadas a la salida del pueblo, en el camino a El Quebrachal.<\/p>\n<p>Las viviendas, correspondientes al\u00a0Programa Federal Techo Digno, contar\u00e1n con estar-comedor, dos dormitorios, cocina, ba\u00f1o, lavadero externo y una superficie de 56 metros cuadrados.<\/p>\n<p>Adem\u00e1s,\u00a0dos de las unidades estar\u00e1n adaptadas para personas con discapacidad. La inversi\u00f3n total ser\u00e1 de $14.996.581.<\/p>\n<p>El interventor del IPV Mat\u00edas\u00a0Posadas destac\u00f3 el avance en la pol\u00edtica habitacional para todo el interior, con lo cual coincidi\u00f3 el intendente\u00a0Aguirre, quien agradeci\u00f3 al gobernador Urtubey y a Posadas, \u201cpor definir prioridades que permitan invertir en el municipio ante\u00f1o, y lograr que sus habitantes vuelvan a creer en la posibilidad de la casa propia\u201d.\u00a0 Y agreg\u00f3: \u201cLa pol\u00edtica habitacional de Urtubey demuestra el crecimiento del ritmo hist\u00f3rico de construcci\u00f3n de viviendas, que ya era r\u00e9cord en comparaci\u00f3n con per\u00edodos anteriores a 2007. Pero, m\u00e1s a\u00fan, demuestra que cada habitante y familia salte\u00f1a son valiosos en la Provincia\u201d, afirm\u00f3 Posadas.<\/p>\n<p>A la construcci\u00f3n de estas nuevas casas en Gonz\u00e1lez, se les sumar\u00e1n otras 50 viviendas m\u00e1s, licitadas recientemente tras el anuncio de la construcci\u00f3n de 1.300 viviendas del gobernador Urtubey.<\/p>\n<p>&nbsp;<\/p>\n","protected":false},"excerpt":{"rendered":"<p>Esta semana comenzar\u00e1 la construcci\u00f3n de 50 nuevas viviendas en Joaqu\u00edn V Gonz\u00e1lez, del departamento Anta, donde se invertir\u00e1 unos 15 millones de pesos. Las casas se sumar\u00e1n a las miles de viviendas que se ejecutan en el interior y a las 800 ya licitadas.<\/p>\n","protected":false},"author":3,"featured_media":5699,"comment_status":"closed","ping_status":"open","sticky":false,"template":"","format":"standard","meta":{"footnotes":""},"categories":[4],"tags":[],"_links":{"self":[{"href":"http:\/\/ipv.salta.gov.ar\/index.php?rest_route=\/wp\/v2\/posts\/5697"}],"collection":[{"href":"http:\/\/ipv.salta.gov.ar\/index.php?rest_route=\/wp\/v2\/posts"}],"about":[{"href":"http:\/\/ipv.salta.gov.ar\/index.php?rest_route=\/wp\/v2\/types\/post"}],"author":[{"embeddable":true,"href":"http:\/\/ipv.salta.gov.ar\/index.php?rest_route=\/wp\/v2\/users\/3"}],"replies":[{"embeddable":true,"href":"http:\/\/ipv.salta.gov.ar\/index.php?rest_route=%2Fwp%2Fv2%2Fcomments&post=5697"}],"version-history":[{"count":2,"href":"http:\/\/ipv.salta.gov.ar\/index.php?rest_route=\/wp\/v2\/posts\/5697\/revisions"}],"predecessor-version":[{"id":5700,"href":"http:\/\/ipv.salta.gov.ar\/index.php?rest_route=\/wp\/v2\/posts\/5697\/revisions\/5700"}],"wp:featuredmedia":[{"embeddable":true,"href":"http:\/\/ipv.salta.gov.ar\/index.php?rest_route=\/wp\/v2\/media\/5699"}],"wp:attachment":[{"href":"http:\/\/ipv.salta.gov.ar\/index.php?rest_route=%2Fwp%2Fv2%2Fmedia&parent=5697"}],"wp:term":[{"taxonomy":"category","embeddable":true,"href":"http:\/\/ipv.salta.gov.ar\/index.php?rest_route=%2Fwp%2Fv2%2Fcategories&post=5697"},{"taxonomy":"post_tag","embeddable":true,"href":"http:\/\/ipv.salta.gov.ar\/index.php?rest_route=%2Fwp%2Fv2%2Ftags&post=5697"}],"curies":[{"name":"wp","href":"https:\/\/api.w.org\/{rel}","templated":true}]}}