{"id":5705,"date":"2014-10-06T08:57:26","date_gmt":"2014-10-06T11:57:26","guid":{"rendered":"http:\/\/ipv.salta.gov.ar\/?p=5705"},"modified":"2014-10-06T08:57:26","modified_gmt":"2014-10-06T11:57:26","slug":"la-provincia-participo-en-reunion-del-consejo-federal-de-la-vivienda","status":"publish","type":"post","link":"http:\/\/ipv.salta.gov.ar\/?p=5705","title":{"rendered":"La Provincia particip\u00f3 en reuni\u00f3n del Consejo Federal de la Vivienda"},"content":{"rendered":"<p class=\"texto-descripciones2texto-col-222justificado\" style=\"margin: 0cm 0cm 7.5pt; text-align: justify;\"><strong><span style=\"font-size: 9.5pt; font-family: Helvetica;\"><a href=\"http:\/\/ipv.salta.gov.ar\/wp-content\/uploads\/2014\/10\/031014-consFV.jpg\"><img decoding=\"async\" loading=\"lazy\" class=\"alignnone size-medium wp-image-5704\" src=\"http:\/\/ipv.salta.gov.ar\/wp-content\/uploads\/2014\/10\/031014-consFV-300x193.jpg\" alt=\"031014-consFV\" width=\"300\" height=\"193\" srcset=\"http:\/\/ipv.salta.gov.ar\/wp-content\/uploads\/2014\/10\/031014-consFV-300x193.jpg 300w, http:\/\/ipv.salta.gov.ar\/wp-content\/uploads\/2014\/10\/031014-consFV.jpg 560w\" sizes=\"(max-width: 300px) 100vw, 300px\" \/><\/a><\/span><\/strong><\/p>\n<p class=\"texto-descripciones2texto-col-222justificado\" style=\"margin: 0cm 0cm 7.5pt; text-align: justify;\"><strong><span style=\"font-size: 9.5pt; font-family: Helvetica;\">El Interventor del IPV represent\u00f3 a la Provincia en una nueva reuni\u00f3n del Consejo, \u00e1mbito en que expuso la pol\u00edtica habitacional salte\u00f1a. Junto a otros distritos se evalu\u00f3 la reducci\u00f3n del d\u00e9ficit habitacional.<\/span><\/strong><\/p>\n<p class=\"texto-descripciones2texto-col-222justificado\" style=\"margin: 0cm 0cm 7.5pt; text-align: justify;\"><!--more--><\/p>\n<p style=\"text-align: justify;\">En Buenos Aires, el interventor del IPV Mat\u00edas Posadas particip\u00f3 en la reuni\u00f3n del Consejo Federal de la Vivienda, oportunidad en que fue evaluado el avance en la ejecuci\u00f3n de los planes de viviendas. \u201cSalta tiene una pol\u00edtica habitacional s\u00f3lida para mostrar al resto de las jurisdicciones, definida por la prioridad de un Gobierno hacia personas, familias e historias movilizadas por los sue\u00f1os\u201d, dijo Posadas.<\/p>\n<p style=\"text-align: justify;\">\u201cLa presencia de Salta en el Consejo permite que junto a otros distritos se eval\u00fae el avance en la reducci\u00f3n del d\u00e9ficit habitacional y se mejoren criterios indicativos de selecci\u00f3n de adjudicatarios de viviendas construidas o de cr\u00e9ditos otorgados con Fondos de Fonavi\u201d, precis\u00f3.<\/p>\n<p style=\"text-align: justify;\">\u201cTodas las jurisdicciones del pa\u00eds est\u00e1n representadas, pero la prioridad otorgada por el gobernador Juan Manuel Urtubey a la pol\u00edtica habitacional hace que los aportes en cada reuni\u00f3n del Consejo Federal, fortalezcan la relaci\u00f3n de la Provincia con Naci\u00f3n y el resto de las provincias\u201d, asever\u00f3 el funcionario.<\/p>\n<p style=\"text-align: justify;\">El Consejo Federal de la Vivienda coordina la planificaci\u00f3n del Sistema Federal de la Vivienda, propone anteproyectos de normas legales, t\u00e9cnicas y administrativas para el mejor y cumplimiento del sistema de vivienda y promueve convenios de colaboraci\u00f3n t\u00e9cnica y financiera con otros pa\u00edses como as\u00ed tambi\u00e9n con organismos internacionales.<\/p>\n<p style=\"text-align: justify;\">\n","protected":false},"excerpt":{"rendered":"<p>El Interventor del IPV represent\u00f3 a la Provincia en una nueva reuni\u00f3n del Consejo, \u00e1mbito en que expuso la pol\u00edtica habitacional salte\u00f1a. Junto a otros distritos se evalu\u00f3 la reducci\u00f3n del d\u00e9ficit habitacional.<\/p>\n","protected":false},"author":3,"featured_media":5704,"comment_status":"closed","ping_status":"open","sticky":false,"template":"","format":"standard","meta":{"footnotes":""},"categories":[4,49],"tags":[],"_links":{"self":[{"href":"http:\/\/ipv.salta.gov.ar\/index.php?rest_route=\/wp\/v2\/posts\/5705"}],"collection":[{"href":"http:\/\/ipv.salta.gov.ar\/index.php?rest_route=\/wp\/v2\/posts"}],"about":[{"href":"http:\/\/ipv.salta.gov.ar\/index.php?rest_route=\/wp\/v2\/types\/post"}],"author":[{"embeddable":true,"href":"http:\/\/ipv.salta.gov.ar\/index.php?rest_route=\/wp\/v2\/users\/3"}],"replies":[{"embeddable":true,"href":"http:\/\/ipv.salta.gov.ar\/index.php?rest_route=%2Fwp%2Fv2%2Fcomments&post=5705"}],"version-history":[{"count":1,"href":"http:\/\/ipv.salta.gov.ar\/index.php?rest_route=\/wp\/v2\/posts\/5705\/revisions"}],"predecessor-version":[{"id":5706,"href":"http:\/\/ipv.salta.gov.ar\/index.php?rest_route=\/wp\/v2\/posts\/5705\/revisions\/5706"}],"wp:featuredmedia":[{"embeddable":true,"href":"http:\/\/ipv.salta.gov.ar\/index.php?rest_route=\/wp\/v2\/media\/5704"}],"wp:attachment":[{"href":"http:\/\/ipv.salta.gov.ar\/index.php?rest_route=%2Fwp%2Fv2%2Fmedia&parent=5705"}],"wp:term":[{"taxonomy":"category","embeddable":true,"href":"http:\/\/ipv.salta.gov.ar\/index.php?rest_route=%2Fwp%2Fv2%2Fcategories&post=5705"},{"taxonomy":"post_tag","embeddable":true,"href":"http:\/\/ipv.salta.gov.ar\/index.php?rest_route=%2Fwp%2Fv2%2Ftags&post=5705"}],"curies":[{"name":"wp","href":"https:\/\/api.w.org\/{rel}","templated":true}]}}