{"id":5708,"date":"2014-10-06T09:04:55","date_gmt":"2014-10-06T12:04:55","guid":{"rendered":"http:\/\/ipv.salta.gov.ar\/?p=5708"},"modified":"2014-10-06T09:04:55","modified_gmt":"2014-10-06T12:04:55","slug":"avanzan-las-obras-en-el-galpon-con-trabajo-genuino-para-cooperativas","status":"publish","type":"post","link":"http:\/\/ipv.salta.gov.ar\/?p=5708","title":{"rendered":"Avanzan las obras en El Galp\u00f3n con trabajo genuino para cooperativas"},"content":{"rendered":"<p class=\"texto-descripciones2texto-col-222justificado\" style=\"text-align: justify; margin: 0cm 0cm 7.5pt 0cm;\"><strong><span style=\"font-size: 9.5pt; font-family: Helvetica;\"><a href=\"http:\/\/ipv.salta.gov.ar\/wp-content\/uploads\/2014\/10\/03-10-web-obras-el-galpon-1.jpg\"><img decoding=\"async\" loading=\"lazy\" class=\"alignnone size-medium wp-image-5707\" src=\"http:\/\/ipv.salta.gov.ar\/wp-content\/uploads\/2014\/10\/03-10-web-obras-el-galpon-1-300x193.jpg\" alt=\"03-10-web-obras-el-galpon (1)\" width=\"300\" height=\"193\" srcset=\"http:\/\/ipv.salta.gov.ar\/wp-content\/uploads\/2014\/10\/03-10-web-obras-el-galpon-1-300x193.jpg 300w, http:\/\/ipv.salta.gov.ar\/wp-content\/uploads\/2014\/10\/03-10-web-obras-el-galpon-1.jpg 560w\" sizes=\"(max-width: 300px) 100vw, 300px\" \/><\/a><\/span><\/strong><\/p>\n<p class=\"texto-descripciones2texto-col-222justificado\" style=\"text-align: justify; margin: 0cm 0cm 7.5pt 0cm;\"><strong><span style=\"font-size: 9.5pt; font-family: Helvetica;\">El avance f\u00edsico de la obras es de m\u00e1s del 70%.<\/span><\/strong><\/p>\n<p class=\"texto-descripciones2texto-col-222justificado\" style=\"text-align: justify; margin: 0cm 0cm 7.5pt 0cm;\"><!--more--><\/p>\n<p style=\"text-align: justify; margin: 0cm 0cm 7.5pt 0cm;\"><span style=\"font-size: 10.5pt; font-family: Helvetica; color: #333333;\">El interventor del IPV, Mat\u00edas Posadas recibi\u00f3 el intendente de El Galp\u00f3n H\u00e9ctor Romero, concejales de ese municipio e integrantes de cooperativas de trabajo. En esa localidad se construye viviendas a trav\u00e9s de tres programas diferentes.\u00a0<\/span><\/p>\n<p style=\"text-align: justify; background-position: initial initial; background-repeat: initial initial; margin: 0cm 0cm 7.5pt 0cm;\"><span style=\"font-size: 10.5pt; font-family: Helvetica; color: #333333;\">En El Galp\u00f3n se construyen obras en forma simult\u00e1nea a trav\u00e9s de distintos programas. Mediante el programa federal Techo Digno, se ejecutan 30 viviendas que presentan un avance del 74%. Se estima que con un porcentaje mayor de avance, se realizar\u00e1 el sorteo de esas unidades habitacionales. Adem\u00e1s, por medio de la Municipalidad y con fondos provinciales, est\u00e1n a punto de ser terminadas otras 6 unidades del programa Mi Casa.<\/span><\/p>\n<p style=\"text-align: justify; background-position: initial initial; background-repeat: initial initial; margin: 0cm 0cm 7.5pt 0cm;\"><span style=\"font-size: 10.5pt; font-family: Helvetica; color: #333333;\">En esos casos, se destinan a familias de escasos recursos seleccionadas por la comuna, bajo las exigencias establecidas por la reglamentaci\u00f3n vigente del Instituto Provincial de la Vivienda.<\/span><\/p>\n<p style=\"text-align: justify; background-position: initial initial; background-repeat: initial initial; margin: 0cm 0cm 7.5pt 0cm;\"><span style=\"font-size: 10.5pt; font-family: Helvetica; color: #333333;\">Esas viviendas presentan un avance f\u00edsico del 93% y pronto ser\u00e1n terminadas.<\/span><\/p>\n<p style=\"text-align: justify; background-position: initial initial; background-repeat: initial initial; margin: 0cm 0cm 7.5pt 0cm;\"><span style=\"font-size: 10.5pt; font-family: Helvetica; color: #333333;\">Finalmente, a trav\u00e9s del programa Federal de Integraci\u00f3n Sociocomunitaria se ejecutan 12 viviendas bajo la responsabilidad de cooperativas de trabajo.<\/span><\/p>\n<p style=\"text-align: justify; background-position: initial initial; background-repeat: initial initial; margin: 0cm 0cm 7.5pt 0cm;\"><span style=\"font-size: 10.5pt; font-family: Helvetica; color: #333333;\">En ese caso, las viviendas tienen una superficie cubierta de 55 metros cuadrados y registran un avance del 45%, cuentan con estar-comedor, tres dormitorios, cocina, ba\u00f1o y lavadero externo.<\/span><\/p>\n<p style=\"text-align: justify; background-position: initial initial; background-repeat: initial initial; margin: 0cm 0cm 7.5pt 0cm;\"><span style=\"font-size: 10.5pt; font-family: Helvetica; color: #333333;\">\u201cNuevamente, la ejecuci\u00f3n de viviendas resuelve la problem\u00e1tica de grupos familiares que alquilan o conviven con sus familias, pero fundamentalmente, genera trabajo genuino para cooperativas del interior de la Provincia\u201d, afirm\u00f3 el interventor Mat\u00edas Posadas.<\/span><\/p>\n<p style=\"text-align: justify; background-position: initial initial; background-repeat: initial initial; margin: 0cm 0cm 7.5pt 0cm;\"><span style=\"font-size: 10.5pt; font-family: Helvetica; color: #333333;\">El interventor del IPV insisti\u00f3 en el avance de las obras, pero fundamentalmente en la participaci\u00f3n de las cooperativas, operatoria mediante la cual el Instituto busca lograr un incremento en las fuentes de trabajo y capacitaci\u00f3n para todos los sectores que requieren una inserci\u00f3n laboral genuina.<\/span><\/p>\n","protected":false},"excerpt":{"rendered":"<p>El avance f\u00edsico de la obras es de m\u00e1s del 70%.<\/p>\n","protected":false},"author":3,"featured_media":5707,"comment_status":"closed","ping_status":"open","sticky":false,"template":"","format":"standard","meta":{"footnotes":""},"categories":[4,49],"tags":[],"_links":{"self":[{"href":"http:\/\/ipv.salta.gov.ar\/index.php?rest_route=\/wp\/v2\/posts\/5708"}],"collection":[{"href":"http:\/\/ipv.salta.gov.ar\/index.php?rest_route=\/wp\/v2\/posts"}],"about":[{"href":"http:\/\/ipv.salta.gov.ar\/index.php?rest_route=\/wp\/v2\/types\/post"}],"author":[{"embeddable":true,"href":"http:\/\/ipv.salta.gov.ar\/index.php?rest_route=\/wp\/v2\/users\/3"}],"replies":[{"embeddable":true,"href":"http:\/\/ipv.salta.gov.ar\/index.php?rest_route=%2Fwp%2Fv2%2Fcomments&post=5708"}],"version-history":[{"count":1,"href":"http:\/\/ipv.salta.gov.ar\/index.php?rest_route=\/wp\/v2\/posts\/5708\/revisions"}],"predecessor-version":[{"id":5709,"href":"http:\/\/ipv.salta.gov.ar\/index.php?rest_route=\/wp\/v2\/posts\/5708\/revisions\/5709"}],"wp:featuredmedia":[{"embeddable":true,"href":"http:\/\/ipv.salta.gov.ar\/index.php?rest_route=\/wp\/v2\/media\/5707"}],"wp:attachment":[{"href":"http:\/\/ipv.salta.gov.ar\/index.php?rest_route=%2Fwp%2Fv2%2Fmedia&parent=5708"}],"wp:term":[{"taxonomy":"category","embeddable":true,"href":"http:\/\/ipv.salta.gov.ar\/index.php?rest_route=%2Fwp%2Fv2%2Fcategories&post=5708"},{"taxonomy":"post_tag","embeddable":true,"href":"http:\/\/ipv.salta.gov.ar\/index.php?rest_route=%2Fwp%2Fv2%2Ftags&post=5708"}],"curies":[{"name":"wp","href":"https:\/\/api.w.org\/{rel}","templated":true}]}}