{"id":5728,"date":"2014-10-10T12:02:43","date_gmt":"2014-10-10T15:02:43","guid":{"rendered":"http:\/\/ipv.salta.gov.ar\/?p=5728"},"modified":"2014-10-10T12:02:43","modified_gmt":"2014-10-10T15:02:43","slug":"la-provincia-construye-mas-viviendas-para-aborigenes-y-criollos-en-la-poma","status":"publish","type":"post","link":"http:\/\/ipv.salta.gov.ar\/?p=5728","title":{"rendered":"La Provincia construye m\u00e1s viviendas para abor\u00edgenes y criollos en La Poma"},"content":{"rendered":"<p class=\"texto-descripciones2texto-col-222justificado\" style=\"margin: 0cm 0cm 7.5pt; text-align: justify;\"><strong><span style=\"font-size: 11.0pt; font-family: Helvetica;\"><a href=\"http:\/\/ipv.salta.gov.ar\/wp-content\/uploads\/2014\/10\/09-10-web-ipv.jpg\"><img decoding=\"async\" loading=\"lazy\" class=\"alignnone size-medium wp-image-5730\" src=\"http:\/\/ipv.salta.gov.ar\/wp-content\/uploads\/2014\/10\/09-10-web-ipv-300x193.jpg\" alt=\"09-10-web-ipv\" width=\"300\" height=\"193\" srcset=\"http:\/\/ipv.salta.gov.ar\/wp-content\/uploads\/2014\/10\/09-10-web-ipv-300x193.jpg 300w, http:\/\/ipv.salta.gov.ar\/wp-content\/uploads\/2014\/10\/09-10-web-ipv.jpg 560w\" sizes=\"(max-width: 300px) 100vw, 300px\" \/><\/a><\/span><\/strong><\/p>\n<p class=\"texto-descripciones2texto-col-222justificado\" style=\"margin: 0cm 0cm 7.5pt; text-align: justify;\"><strong><span style=\"font-size: 11.0pt; font-family: Helvetica;\">La Provincia<\/span><span style=\"font-size: 11.0pt; font-family: Helvetica;\"> y el municipio de La Poma acordaron a trav\u00e9s de un convenio, la ejecuci\u00f3n de nuevas casas y soluciones habitacionales, que se sumar\u00e1n a las que se construye en esa localidad.<\/span><\/strong><\/p>\n<p class=\"texto-descripciones2texto-col-222justificado\" style=\"margin: 0cm 0cm 7.5pt; text-align: justify;\"><!--more--><\/p>\n<p style=\"text-align: justify;\">El interventor del Instituto Provincial de la Vivienda Mat\u00edas Posadas firm\u00f3 un convenio con el intendente de La Poma, Abraham Choque, para la construcci\u00f3n de viviendas y soluciones habitacionales.<\/p>\n<p style=\"text-align: justify;\">Posadas destac\u00f3 la posibilidad de trabajar en conjunto con el municipio, ya que en esta oportunidad la Provincia aportar\u00e1 m\u00e1s de dos millones y medio para obras habitacionales en La Poma y la Municipalidad ejecutar\u00e1 las obras. \u201cNuestro principal objetivo es mejorar la calidad de vida y dignificar a la familia salte\u00f1a de todos los puntos cardinales\u201d, expres\u00f3 el funcionario.<\/p>\n<p style=\"text-align: justify;\">El convenio permitir\u00e1 que a las 14 viviendas destinadas a comunidades abor\u00edgenes y otras 10 soluciones habitacionales que se encuentran en ejecuci\u00f3n, se sumen otras 10 viviendas y 10 soluciones.<\/p>\n<p style=\"text-align: justify;\">Posadas precis\u00f3 que las nuevas obras habitacionales demandar\u00e1n a la Provincia una inversi\u00f3n de m\u00e1s de\u00a0 dos millones y medio y que avanzan a buen ritmo las 14 viviendas destinadas a los pobladores abor\u00edgenes y diez mejoramientos que se encuentran en ejecuci\u00f3n.<\/p>\n<p style=\"text-align: justify;\">Las diez nuevas viviendas corresponden al programa provincial Mi Casa y cinco de ellas se edificar\u00e1n en Cobres. El resto estar\u00e1 en Cerro Negro y tendr\u00e1n una inversi\u00f3n de $2.093.930.<\/p>\n<p style=\"text-align: justify;\">En tanto, las soluciones habitacionales del programa Recuperaci\u00f3n tienen un presupuesto de $640.000, lo que hace un total de\u00a0 $2.733.930 en las nuevas obras para La Poma.<\/p>\n<p style=\"text-align: justify;\">Nuevamente la metodolog\u00eda ser\u00e1 de trabajo mancomunado con el municipio, que tendr\u00e1 a su cargo la ejecuci\u00f3n y direcci\u00f3n t\u00e9cnica, mientras que el IPV aportar\u00e1 los fondos y supervisar\u00e1 las tareas.<\/p>\n<p style=\"text-align: justify;\">\n","protected":false},"excerpt":{"rendered":"<p>La Provincia y el municipio de La Poma acordaron a trav\u00e9s de un convenio, la ejecuci\u00f3n de nuevas casas y soluciones habitacionales, que se sumar\u00e1n a las que se construye en esa localidad.<\/p>\n","protected":false},"author":3,"featured_media":5730,"comment_status":"closed","ping_status":"open","sticky":false,"template":"","format":"standard","meta":{"footnotes":""},"categories":[4,49],"tags":[],"_links":{"self":[{"href":"http:\/\/ipv.salta.gov.ar\/index.php?rest_route=\/wp\/v2\/posts\/5728"}],"collection":[{"href":"http:\/\/ipv.salta.gov.ar\/index.php?rest_route=\/wp\/v2\/posts"}],"about":[{"href":"http:\/\/ipv.salta.gov.ar\/index.php?rest_route=\/wp\/v2\/types\/post"}],"author":[{"embeddable":true,"href":"http:\/\/ipv.salta.gov.ar\/index.php?rest_route=\/wp\/v2\/users\/3"}],"replies":[{"embeddable":true,"href":"http:\/\/ipv.salta.gov.ar\/index.php?rest_route=%2Fwp%2Fv2%2Fcomments&post=5728"}],"version-history":[{"count":2,"href":"http:\/\/ipv.salta.gov.ar\/index.php?rest_route=\/wp\/v2\/posts\/5728\/revisions"}],"predecessor-version":[{"id":5731,"href":"http:\/\/ipv.salta.gov.ar\/index.php?rest_route=\/wp\/v2\/posts\/5728\/revisions\/5731"}],"wp:featuredmedia":[{"embeddable":true,"href":"http:\/\/ipv.salta.gov.ar\/index.php?rest_route=\/wp\/v2\/media\/5730"}],"wp:attachment":[{"href":"http:\/\/ipv.salta.gov.ar\/index.php?rest_route=%2Fwp%2Fv2%2Fmedia&parent=5728"}],"wp:term":[{"taxonomy":"category","embeddable":true,"href":"http:\/\/ipv.salta.gov.ar\/index.php?rest_route=%2Fwp%2Fv2%2Fcategories&post=5728"},{"taxonomy":"post_tag","embeddable":true,"href":"http:\/\/ipv.salta.gov.ar\/index.php?rest_route=%2Fwp%2Fv2%2Ftags&post=5728"}],"curies":[{"name":"wp","href":"https:\/\/api.w.org\/{rel}","templated":true}]}}