{"id":5739,"date":"2014-10-15T08:33:19","date_gmt":"2014-10-15T11:33:19","guid":{"rendered":"http:\/\/ipv.salta.gov.ar\/?p=5739"},"modified":"2014-10-15T08:33:19","modified_gmt":"2014-10-15T11:33:19","slug":"el-ipv-ejecuta-mejoras-y-construccion-de-viviendas-en-coronel-moldes","status":"publish","type":"post","link":"http:\/\/ipv.salta.gov.ar\/?p=5739","title":{"rendered":"El IPV ejecuta mejoras y construcci\u00f3n de viviendas en Coronel Moldes"},"content":{"rendered":"<p class=\"texto-descripciones2texto-col-222justificado\" style=\"text-align: justify; margin: 0cm 0cm 7.5pt 0cm;\"><strong><span style=\"font-size: 11.0pt; font-family: Helvetica;\"><a href=\"http:\/\/ipv.salta.gov.ar\/wp-content\/uploads\/2014\/10\/14-10-web-ipv-moldes.jpg\"><img decoding=\"async\" loading=\"lazy\" class=\"alignnone size-medium wp-image-5738\" src=\"http:\/\/ipv.salta.gov.ar\/wp-content\/uploads\/2014\/10\/14-10-web-ipv-moldes-300x193.jpg\" alt=\"14-10-web-ipv-moldes\" width=\"300\" height=\"193\" srcset=\"http:\/\/ipv.salta.gov.ar\/wp-content\/uploads\/2014\/10\/14-10-web-ipv-moldes-300x193.jpg 300w, http:\/\/ipv.salta.gov.ar\/wp-content\/uploads\/2014\/10\/14-10-web-ipv-moldes.jpg 560w\" sizes=\"(max-width: 300px) 100vw, 300px\" \/><\/a><\/span><\/strong><\/p>\n<p class=\"texto-descripciones2texto-col-222justificado\" style=\"text-align: justify; margin: 0cm 0cm 7.5pt 0cm;\"><strong><span style=\"font-size: 11.0pt; font-family: Helvetica;\">Quince familias de Coronel Moldes podr\u00e1n refaccionar y ampliar sus viviendas a trav\u00e9s del Programa Provincial Recuperaci\u00f3n. Las obras para familias que no ingresan en los planes tradicionales del Instituto Provincial de la Vivienda, se suman a la ejecuci\u00f3n pr\u00f3xima a concluir de nuevas viviendas, m\u00e1s la recientemente iniciada de sanitarios, todos localizados en la misma ciudad. La inversi\u00f3n es de $ 960.000.<\/span><\/strong><\/p>\n<p class=\"texto-descripciones2texto-col-222justificado\" style=\"text-align: justify; margin: 0cm 0cm 7.5pt 0cm;\"><!--more--><\/p>\n<p style=\"text-align: justify;\">El interventor del Instituto Provincial Vivienda Mat\u00edas Posadas acord\u00f3 con el intendente de Coronel Moldes, Osvaldo Garc\u00eda la construcci\u00f3n soluciones habitacionales destinadas a familias residentes de Coronel Moldes.<\/p>\n<p style=\"text-align: justify;\">Los 15 mejoramientos de viviendas consisten en refacci\u00f3n y ampliaci\u00f3n de las unidades, seg\u00fan la necesidad de cada familia, para lo cual la Provincia invertir\u00e1 un monto de\u00a0 $960.000.<\/p>\n<p style=\"text-align: justify;\">Las soluciones corresponden al Programa Provincial Recuperaci\u00f3n y est\u00e1n destinadas a las familias que por sus ingresos no pueden acceder a los planes tradicionales del IPV, pero s\u00ed mejorar su lugar de residencia.<\/p>\n<p style=\"text-align: justify;\">En ese sentido, el interventor Mat\u00edas Posadas record\u00f3 que \u201cen Coronel Moldes pronto inauguraremos otras 40 viviendas del programa Techo Digno, que fueron recientemente licitadas, y por otra parte, se construyen 30 sanitarios b\u00e1sicos\u201d.<\/p>\n<p style=\"text-align: justify;\">A esas obras se sumar\u00e1n las 15 soluciones que ser\u00e1n ejecutadas por la Municipalidad y que mejorar\u00e1n la calidad de vida de las familias m\u00e1s necesitadas de la ciudad.<\/p>\n<p style=\"text-align: justify;\">\u201cLa posibilidad de articular distintos programas que contemplan la realidad de las familias de un mismo lugar, permite que todas accedan a herramientas que el Estado tiene a disposici\u00f3n para garantizar la calidad de vida de sus ciudadanos\u201d, precis\u00f3 Posadas.<\/p>\n<p style=\"text-align: justify;\">\n","protected":false},"excerpt":{"rendered":"<p>Quince familias de Coronel Moldes podr\u00e1n refaccionar y ampliar sus viviendas a trav\u00e9s del Programa Provincial Recuperaci\u00f3n. Las obras para familias que no ingresan en los planes tradicionales del Instituto Provincial de la Vivienda, se suman a la ejecuci\u00f3n pr\u00f3xima a concluir de nuevas viviendas, m\u00e1s la recientemente iniciada de sanitarios, todos localizados en la [&hellip;]<\/p>\n","protected":false},"author":3,"featured_media":5738,"comment_status":"closed","ping_status":"open","sticky":false,"template":"","format":"standard","meta":{"footnotes":""},"categories":[4,49],"tags":[],"_links":{"self":[{"href":"http:\/\/ipv.salta.gov.ar\/index.php?rest_route=\/wp\/v2\/posts\/5739"}],"collection":[{"href":"http:\/\/ipv.salta.gov.ar\/index.php?rest_route=\/wp\/v2\/posts"}],"about":[{"href":"http:\/\/ipv.salta.gov.ar\/index.php?rest_route=\/wp\/v2\/types\/post"}],"author":[{"embeddable":true,"href":"http:\/\/ipv.salta.gov.ar\/index.php?rest_route=\/wp\/v2\/users\/3"}],"replies":[{"embeddable":true,"href":"http:\/\/ipv.salta.gov.ar\/index.php?rest_route=%2Fwp%2Fv2%2Fcomments&post=5739"}],"version-history":[{"count":1,"href":"http:\/\/ipv.salta.gov.ar\/index.php?rest_route=\/wp\/v2\/posts\/5739\/revisions"}],"predecessor-version":[{"id":5740,"href":"http:\/\/ipv.salta.gov.ar\/index.php?rest_route=\/wp\/v2\/posts\/5739\/revisions\/5740"}],"wp:featuredmedia":[{"embeddable":true,"href":"http:\/\/ipv.salta.gov.ar\/index.php?rest_route=\/wp\/v2\/media\/5738"}],"wp:attachment":[{"href":"http:\/\/ipv.salta.gov.ar\/index.php?rest_route=%2Fwp%2Fv2%2Fmedia&parent=5739"}],"wp:term":[{"taxonomy":"category","embeddable":true,"href":"http:\/\/ipv.salta.gov.ar\/index.php?rest_route=%2Fwp%2Fv2%2Fcategories&post=5739"},{"taxonomy":"post_tag","embeddable":true,"href":"http:\/\/ipv.salta.gov.ar\/index.php?rest_route=%2Fwp%2Fv2%2Ftags&post=5739"}],"curies":[{"name":"wp","href":"https:\/\/api.w.org\/{rel}","templated":true}]}}