{"id":5744,"date":"2014-10-16T09:38:41","date_gmt":"2014-10-16T12:38:41","guid":{"rendered":"http:\/\/ipv.salta.gov.ar\/?p=5744"},"modified":"2014-10-16T09:38:41","modified_gmt":"2014-10-16T12:38:41","slug":"el-ipv-construira-viviendas-con-energia-renovable","status":"publish","type":"post","link":"http:\/\/ipv.salta.gov.ar\/?p=5744","title":{"rendered":"El IPV construir\u00e1 viviendas con energ\u00eda renovable"},"content":{"rendered":"<p class=\"texto-descripciones2texto-col-222justificado\" style=\"text-align: justify; margin: 0cm 0cm 7.5pt 0cm;\"><strong><span style=\"font-size: 11.0pt; font-family: Helvetica;\"><a href=\"http:\/\/ipv.salta.gov.ar\/wp-content\/uploads\/2014\/10\/IPV-INENCO.jpg\"><img decoding=\"async\" loading=\"lazy\" class=\"alignnone size-medium wp-image-5743\" src=\"http:\/\/ipv.salta.gov.ar\/wp-content\/uploads\/2014\/10\/IPV-INENCO-300x224.jpg\" alt=\"IPV INENCO\" width=\"300\" height=\"224\" srcset=\"http:\/\/ipv.salta.gov.ar\/wp-content\/uploads\/2014\/10\/IPV-INENCO-300x224.jpg 300w, http:\/\/ipv.salta.gov.ar\/wp-content\/uploads\/2014\/10\/IPV-INENCO.jpg 448w\" sizes=\"(max-width: 300px) 100vw, 300px\" \/><\/a><\/span><\/strong><\/p>\n<p class=\"texto-descripciones2texto-col-222justificado\" style=\"text-align: justify; margin: 0cm 0cm 7.5pt 0cm;\"><strong><span style=\"font-size: 11.0pt; font-family: Helvetica;\">El interventor del Instituto Provincial de Vivienda firm\u00f3 un acta acuerdo de cooperaci\u00f3n y asistencia mutua con la representante del Instituto de Investigaciones en Energ\u00eda no Convencional INENCO. El acuerdo tendr\u00e1 concepto de asesoramiento y cooperaci\u00f3n para la construcci\u00f3n de las primeras 16 viviendas con energ\u00eda renovable.<\/span><\/strong><\/p>\n<p class=\"texto-descripciones2texto-col-222justificado\" style=\"text-align: justify; margin: 0cm 0cm 7.5pt 0cm;\"><!--more--><\/p>\n<p style=\"text-align: justify; margin: 0cm 0cm 7.5pt 0cm;\"><span style=\"font-size: 11.0pt; font-family: Helvetica; color: #333333;\">El IPV trabajar\u00e1 con el INENCO de la UNSa-CONICET, para la construcci\u00f3n de viviendas que utilicen energ\u00edas no convencionales, que adem\u00e1s de solucionar la problem\u00e1tica habitacional, servir\u00e1n de impulso para que el IPV desarrolle nuevos proyectos urban\u00edsticos amigables con el ambiente.<\/span><\/p>\n<p style=\"text-align: justify; background-position: initial initial; background-repeat: initial initial; margin: 0cm 0cm 7.5pt 0cm;\"><span style=\"font-size: 11.0pt; font-family: Helvetica; color: #333333;\">A tal efecto, el interventor del Instituto Provincial de Vivienda, Mat\u00edas Posadas firm\u00f3 un acta acuerdo de cooperaci\u00f3n y asistencia mutua con la representante del INENCO, Silvana Flores.<\/span><\/p>\n<p style=\"text-align: justify; background-position: initial initial; background-repeat: initial initial; margin: 0cm 0cm 7.5pt 0cm;\"><span style=\"font-size: 11.0pt; font-family: Helvetica; color: #333333;\">\u201cNo podemos estar ajenos a la necesidad de adaptarnos progresivamente a los requerimientos de nuestro entorno, y la adjudicaci\u00f3n de una vivienda, acompa\u00f1ada de un futuro sustentable, es una motivaci\u00f3n doble para cualquier familia respetuosa de la vida\u201d, afirm\u00f3 Posadas.<\/span><\/p>\n<p style=\"text-align: justify; background-position: initial initial; background-repeat: initial initial; margin: 0cm 0cm 7.5pt 0cm;\"><span style=\"font-size: 11.0pt; font-family: Helvetica; color: #333333;\">El convenio entre el IPV y el INENCO, de la Universidad Nacional de Salta, vinculado con el CONICET, establece la asistencia mutua, complementaci\u00f3n, intercambio y asistencia t\u00e9cnica en el marco del Proyecto GEF, de eficiencia energ\u00e9tica y energ\u00eda renovable en el dise\u00f1o, construcci\u00f3n y operaci\u00f3n de la Vivienda Social. Este proyecto consiste en establecer dise\u00f1os para la construcci\u00f3n y operaci\u00f3n de viviendas sociales con Eficiencia Energ\u00e9tica y Energ\u00edas Renovables en todo el pa\u00eds, orientadas a disminuir la demanda de energ\u00eda de los consumidores y la reducci\u00f3n de gases de efecto invernadero. Salta fue elegida por su zona bioclim\u00e1tica, junto con otras siete provincias del pa\u00eds.<\/span><\/p>\n<p style=\"text-align: justify; background-position: initial initial; background-repeat: initial initial; margin: 0cm 0cm 7.5pt 0cm;\"><span style=\"font-size: 11.0pt; font-family: Helvetica; color: #333333;\">Las primeras 16 viviendas se construir\u00e1n en Rosario de Lerma, en el marco del convenio vigente por un a\u00f1o, que podr\u00e1 ser prorrogado en forma autom\u00e1tica.<\/span><\/p>\n<p style=\"text-align: justify; background-position: initial initial; background-repeat: initial initial; margin: 0cm 0cm 7.5pt 0cm;\"><span style=\"font-size: 11.0pt; font-family: Helvetica; color: #333333;\">Posadas ratific\u00f3 su predisposici\u00f3n para trabajar con proyectos que impliquen la preservaci\u00f3n del ambiente, priorizando la soluci\u00f3n habitacional a las familias salte\u00f1as con proyecci\u00f3n a futuro.<\/span><\/p>\n","protected":false},"excerpt":{"rendered":"<p>El interventor del Instituto Provincial de Vivienda firm\u00f3 un acta acuerdo de cooperaci\u00f3n y asistencia mutua con la representante del Instituto de Investigaciones en Energ\u00eda no Convencional INENCO. El acuerdo tendr\u00e1 concepto de asesoramiento y cooperaci\u00f3n para la construcci\u00f3n de las primeras 16 viviendas con energ\u00eda renovable.<\/p>\n","protected":false},"author":3,"featured_media":5743,"comment_status":"closed","ping_status":"open","sticky":false,"template":"","format":"standard","meta":{"footnotes":""},"categories":[4,49],"tags":[],"_links":{"self":[{"href":"http:\/\/ipv.salta.gov.ar\/index.php?rest_route=\/wp\/v2\/posts\/5744"}],"collection":[{"href":"http:\/\/ipv.salta.gov.ar\/index.php?rest_route=\/wp\/v2\/posts"}],"about":[{"href":"http:\/\/ipv.salta.gov.ar\/index.php?rest_route=\/wp\/v2\/types\/post"}],"author":[{"embeddable":true,"href":"http:\/\/ipv.salta.gov.ar\/index.php?rest_route=\/wp\/v2\/users\/3"}],"replies":[{"embeddable":true,"href":"http:\/\/ipv.salta.gov.ar\/index.php?rest_route=%2Fwp%2Fv2%2Fcomments&post=5744"}],"version-history":[{"count":1,"href":"http:\/\/ipv.salta.gov.ar\/index.php?rest_route=\/wp\/v2\/posts\/5744\/revisions"}],"predecessor-version":[{"id":5745,"href":"http:\/\/ipv.salta.gov.ar\/index.php?rest_route=\/wp\/v2\/posts\/5744\/revisions\/5745"}],"wp:featuredmedia":[{"embeddable":true,"href":"http:\/\/ipv.salta.gov.ar\/index.php?rest_route=\/wp\/v2\/media\/5743"}],"wp:attachment":[{"href":"http:\/\/ipv.salta.gov.ar\/index.php?rest_route=%2Fwp%2Fv2%2Fmedia&parent=5744"}],"wp:term":[{"taxonomy":"category","embeddable":true,"href":"http:\/\/ipv.salta.gov.ar\/index.php?rest_route=%2Fwp%2Fv2%2Fcategories&post=5744"},{"taxonomy":"post_tag","embeddable":true,"href":"http:\/\/ipv.salta.gov.ar\/index.php?rest_route=%2Fwp%2Fv2%2Ftags&post=5744"}],"curies":[{"name":"wp","href":"https:\/\/api.w.org\/{rel}","templated":true}]}}