{"id":5788,"date":"2014-10-24T08:36:59","date_gmt":"2014-10-24T11:36:59","guid":{"rendered":"http:\/\/ipv.salta.gov.ar\/?p=5788"},"modified":"2014-10-24T08:36:59","modified_gmt":"2014-10-24T11:36:59","slug":"veintiseis-familias-de-cafayate-accedieron-a-la-vivienda-propia","status":"publish","type":"post","link":"http:\/\/ipv.salta.gov.ar\/?p=5788","title":{"rendered":"Veintiseis familias de Cafayate accedieron a la vivienda propia"},"content":{"rendered":"<p class=\"texto-descripciones2texto-col-222justificado\" style=\"text-align: justify; margin: 0cm 0cm 7.5pt 0cm;\"><strong><span style=\"font-family: Helvetica;\"><a href=\"http:\/\/ipv.salta.gov.ar\/wp-content\/uploads\/2014\/10\/23-10-web-sorteo-de-viviendas-cafayate1.jpg\"><img decoding=\"async\" loading=\"lazy\" class=\"alignnone size-medium wp-image-5787\" src=\"http:\/\/ipv.salta.gov.ar\/wp-content\/uploads\/2014\/10\/23-10-web-sorteo-de-viviendas-cafayate1-300x193.jpg\" alt=\"23-10-web-sorteo-de-viviendas-cafayate1\" width=\"300\" height=\"193\" srcset=\"http:\/\/ipv.salta.gov.ar\/wp-content\/uploads\/2014\/10\/23-10-web-sorteo-de-viviendas-cafayate1-300x193.jpg 300w, http:\/\/ipv.salta.gov.ar\/wp-content\/uploads\/2014\/10\/23-10-web-sorteo-de-viviendas-cafayate1.jpg 560w\" sizes=\"(max-width: 300px) 100vw, 300px\" \/><\/a><\/span><\/strong><\/p>\n<p class=\"texto-descripciones2texto-col-222justificado\" style=\"text-align: justify; margin: 0cm 0cm 7.5pt 0cm;\"><strong><span style=\"font-family: Helvetica;\">El IPV realiz\u00f3 un nuevo sorteo de viviendas en Cafayate, televisado para toda la provincia y privilegi\u00f3 a familias inscriptas desde 1997, a otras con integrantes con discapacidad y a la familia de un bombero voluntario, adem\u00e1s de contemplar a todos los postulantes que cumplieron con los requisitos exigidos.<\/span><\/strong><\/p>\n<p class=\"texto-descripciones2texto-col-222justificado\" style=\"text-align: justify; margin: 0cm 0cm 7.5pt 0cm;\"><!--more--><\/p>\n<p style=\"text-align: justify; margin: 0cm 0cm 7.5pt 0cm;\"><span style=\"font-family: Helvetica; color: #333333;\">Se realiz\u00f3 en Cafayate un nuevo sorteo de viviendas, del que participaron m\u00e1s de 200 familias que actualizaron sus datos y cumplieron con los requisitos exigidos por la reglamentaci\u00f3n vigente. Estuvieron presentes el Interventor del IPV, Mat\u00edas Posadas, el intendente de Cafayate Fernando Almeda. Ante escribana p\u00fablica, postulantes y miles de televidentes, 26 familias de la ciudad vallista accedieron a su primera vivienda.<\/span><\/p>\n<p style=\"text-align: justify; background-position: initial initial; background-repeat: initial initial; margin: 0cm 0cm 7.5pt 0cm;\"><span style=\"font-family: Helvetica; color: #333333;\">Posadas destac\u00f3 que hay viviendas en ejecuci\u00f3n en todo el interior, e inform\u00f3 que la pr\u00f3xima semana ser\u00e1n licitadas 800 viviendas y a principios de noviembre, otras 700. \u201cEsas 1500 casas se sumar\u00e1n a las 1300 ya licitadas y a las 800 de Capital, con un total de 3.600 nuevos hogares para los salte\u00f1os\u201d, enfatiz\u00f3 el Interventor del IPV.<\/span><\/p>\n<p style=\"text-align: justify; background-position: initial initial; background-repeat: initial initial; margin: 0cm 0cm 7.5pt 0cm;\"><span style=\"font-family: Helvetica; color: #333333;\">Antes del sorteo se solicit\u00f3 la participaci\u00f3n de dos testigos del p\u00fablico para sumar a transparencia del procedimiento y luego fueron nombradas las familias que accedieron a la preselecci\u00f3n en forma directa por antig\u00fcedad.<\/span><\/p>\n<p style=\"text-align: justify; background-position: initial initial; background-repeat: initial initial; margin: 0cm 0cm 7.5pt 0cm;\"><span style=\"font-family: Helvetica; color: #333333;\">El IPV, por decisi\u00f3n del gobernador Juan Manuel Urtubey otorga un cupo de hasta el 20% a los postulantes inscriptos con m\u00e1s de 10 a\u00f1os de antig\u00fcedad.<\/span><\/p>\n<p style=\"text-align: justify; background-position: initial initial; background-repeat: initial initial; margin: 0cm 0cm 7.5pt 0cm;\"><span style=\"font-family: Helvetica; color: #333333;\">Bajo esa premisa fueron seleccionadas cinco familias inscriptas entre el 6 de mayo de 1997 y el 15 de abril de 1999.<\/span><\/p>\n<p style=\"text-align: justify; background-position: initial initial; background-repeat: initial initial; margin: 0cm 0cm 7.5pt 0cm;\"><span style=\"font-family: Helvetica; color: #333333;\">Uno de los preseleccionados, Sergio Guerra expres\u00f3 emocionado que \u201cvali\u00f3 la pena tanto esfuerzo\u201d y dijo que nunca baj\u00f3 los brazos, porque finalmente \u201choy tenemos nuestra casa\u201d.<\/span><\/p>\n<p style=\"text-align: justify; background-position: initial initial; background-repeat: initial initial; margin: 0cm 0cm 7.5pt 0cm;\"><span style=\"font-family: Helvetica; color: #333333;\">Tambi\u00e9n en el marco de la ley provincial N\u00ba 7037, se preadjudic\u00f3 una vivienda al bombero voluntario Maximiliano Maman\u00ed. Por otra parte, con el cupo del 10% para casos de discapacidad fueron sorteadas 3 unidades entre 19 familias participantes.\u00a0 Una de las casas fue adaptada para un caso de discapacidad motriz.<\/span><\/p>\n<p style=\"text-align: justify; background-position: initial initial; background-repeat: initial initial; margin: 0cm 0cm 7.5pt 0cm;\"><span style=\"font-family: Helvetica; color: #333333;\">El sorteo prosigui\u00f3 con el resto de las viviendas, divididas en dos rangos seg\u00fan el puntaje de los postulantes. Para el primer rango se sortearon 3 viviendas entre 19 familias y para el segundo, 14 unidades entre 173 postulantes.<\/span><\/p>\n<p style=\"text-align: justify; background-position: initial initial; background-repeat: initial initial; margin: 0cm 0cm 7.5pt 0cm;\"><span style=\"font-family: Helvetica; color: #333333;\">El interventor Mat\u00edas Posadas felicit\u00f3 a las familias y destac\u00f3 que el gobernador Urtubey decidi\u00f3 apoyar fuertemente la pol\u00edtica habitacional. El funcionario subray\u00f3 que en todos los departamentos de la provincia el IPV tiene viviendas en ejecuci\u00f3n.<\/span><\/p>\n<p style=\"text-align: justify; background-position: initial initial; background-repeat: initial initial; margin: 0cm 0cm 7.5pt 0cm;\"><span style=\"font-family: Helvetica; color: #333333;\">\u201cCon las 1500 casas a licitar entre la semana que viene y la primera de noviembre, m\u00e1s las 1300 ya licitadas en el interior y 800 en Capital, se ejecutar\u00e1n 3.600 casas nuevas para los salte\u00f1os\u201d, record\u00f3 Posadas.<\/span><\/p>\n","protected":false},"excerpt":{"rendered":"<p>El IPV realiz\u00f3 un nuevo sorteo de viviendas en Cafayate, televisado para toda la provincia y privilegi\u00f3 a familias inscriptas desde 1997, a otras con integrantes con discapacidad y a la familia de un bombero voluntario, adem\u00e1s de contemplar a todos los postulantes que cumplieron con los requisitos exigidos.<\/p>\n","protected":false},"author":3,"featured_media":5787,"comment_status":"closed","ping_status":"open","sticky":false,"template":"","format":"standard","meta":{"footnotes":""},"categories":[4,49],"tags":[],"_links":{"self":[{"href":"http:\/\/ipv.salta.gov.ar\/index.php?rest_route=\/wp\/v2\/posts\/5788"}],"collection":[{"href":"http:\/\/ipv.salta.gov.ar\/index.php?rest_route=\/wp\/v2\/posts"}],"about":[{"href":"http:\/\/ipv.salta.gov.ar\/index.php?rest_route=\/wp\/v2\/types\/post"}],"author":[{"embeddable":true,"href":"http:\/\/ipv.salta.gov.ar\/index.php?rest_route=\/wp\/v2\/users\/3"}],"replies":[{"embeddable":true,"href":"http:\/\/ipv.salta.gov.ar\/index.php?rest_route=%2Fwp%2Fv2%2Fcomments&post=5788"}],"version-history":[{"count":1,"href":"http:\/\/ipv.salta.gov.ar\/index.php?rest_route=\/wp\/v2\/posts\/5788\/revisions"}],"predecessor-version":[{"id":5789,"href":"http:\/\/ipv.salta.gov.ar\/index.php?rest_route=\/wp\/v2\/posts\/5788\/revisions\/5789"}],"wp:featuredmedia":[{"embeddable":true,"href":"http:\/\/ipv.salta.gov.ar\/index.php?rest_route=\/wp\/v2\/media\/5787"}],"wp:attachment":[{"href":"http:\/\/ipv.salta.gov.ar\/index.php?rest_route=%2Fwp%2Fv2%2Fmedia&parent=5788"}],"wp:term":[{"taxonomy":"category","embeddable":true,"href":"http:\/\/ipv.salta.gov.ar\/index.php?rest_route=%2Fwp%2Fv2%2Fcategories&post=5788"},{"taxonomy":"post_tag","embeddable":true,"href":"http:\/\/ipv.salta.gov.ar\/index.php?rest_route=%2Fwp%2Fv2%2Ftags&post=5788"}],"curies":[{"name":"wp","href":"https:\/\/api.w.org\/{rel}","templated":true}]}}