{"id":5804,"date":"2014-10-28T16:00:38","date_gmt":"2014-10-28T19:00:38","guid":{"rendered":"http:\/\/ipv.salta.gov.ar\/?p=5804"},"modified":"2014-10-28T16:00:38","modified_gmt":"2014-10-28T19:00:38","slug":"la-provincia-construye-casas-en-la-candelaria-y-suma-una-inversion-de-mas-de-4-millones","status":"publish","type":"post","link":"http:\/\/ipv.salta.gov.ar\/?p=5804","title":{"rendered":"La Provincia construye casas en La Candelaria y suma una inversi\u00f3n de m\u00e1s de $4 millones"},"content":{"rendered":"<p class=\"texto-descripciones2texto-col-222justificado\" style=\"margin: 0cm 0cm 7.5pt; text-align: justify;\"><strong><span style=\"font-size: 11.0pt; font-family: Helvetica;\"><a href=\"http:\/\/ipv.salta.gov.ar\/wp-content\/uploads\/2014\/10\/28-10-web-ipv.jpg\"><img decoding=\"async\" loading=\"lazy\" class=\"alignnone size-medium wp-image-5803\" src=\"http:\/\/ipv.salta.gov.ar\/wp-content\/uploads\/2014\/10\/28-10-web-ipv-300x193.jpg\" alt=\"28-10-web-ipv\" width=\"300\" height=\"193\" srcset=\"http:\/\/ipv.salta.gov.ar\/wp-content\/uploads\/2014\/10\/28-10-web-ipv-300x193.jpg 300w, http:\/\/ipv.salta.gov.ar\/wp-content\/uploads\/2014\/10\/28-10-web-ipv.jpg 560w\" sizes=\"(max-width: 300px) 100vw, 300px\" \/><\/a><\/span><\/strong><\/p>\n<p class=\"texto-descripciones2texto-col-222justificado\" style=\"margin: 0cm 0cm 7.5pt; text-align: justify;\"><strong><span style=\"font-size: 11.0pt; font-family: Helvetica;\">El IPV destinar\u00e1 m\u00e1s de $4 millones de inversi\u00f3n para la ejecuci\u00f3n de nuevas viviendas, que se agregan a las que ya se encuentran en ejecuci\u00f3n en La Candelaria. \u201cOtra vez, la articulaci\u00f3n entre Provincia y Municipio permitir\u00e1 agilizar el acceso a la vivienda en el interior\u201d, afirm\u00f3 el interventor del IPV, Mat\u00edas Posadas.<\/span><\/strong><\/p>\n<p class=\"texto-descripciones2texto-col-222justificado\" style=\"margin: 0cm 0cm 7.5pt; text-align: justify;\"><!--more--><\/p>\n<p style=\"text-align: justify;\">El interventor del Instituto Provincial de la Vivienda, Mat\u00edas Posadas, formaliz\u00f3 un acuerdo con el intendente de La Candelaria, Julio Romano, por la construcci\u00f3n de 20 viviendas del programa provincial \u201cMi Casa\u201d en La Candelaria, que se sumar\u00e1n a las 10 que ya se ejecutan en la ciudad del sur de la provincia.<\/p>\n<p style=\"text-align: justify;\">\u00a0La obra\u00a0demandar\u00e1 una inversi\u00f3n de $4.187.860 para mejorar condiciones de vida de 20 familias propuestas por el municipio.<\/p>\n<p style=\"text-align: justify;\">\u00a0Como en distintos acuerdos previos con municipios de toda la provincia,\u00a0el IPV aportar\u00e1 el financiamiento con un importe de m\u00e1s de cuatro millones, mientras que la Municipalidad aportar\u00e1 la direcci\u00f3n t\u00e9cnica, mano de obra, materiales, y todos los elementos y equipos necesarios para la correcta ejecuci\u00f3n y terminaci\u00f3n de los trabajos.<\/p>\n<p style=\"text-align: justify;\">\nLa Municipalidad\u00a0tambi\u00e9n ser\u00e1 responsable de la calidad y control de la obra. El interventor, Mat\u00edas Posadas, destac\u00f3 el trabajo que viene realizando el Municipio teniendo en cuenta que adem\u00e1s del nuevo convenio,\u00a0se encuentran en ejecuci\u00f3n otras 10 viviendas, con un avance del 31% y 20 sanitarios, con el 14% de avance f\u00edsico.<br \/>\nLas casas se construir\u00e1n en lotes de los beneficiarios\u00a0y contar\u00e1n con cocina-comedor, dos dormitorios, ba\u00f1o y lavadero externo.<\/p>\n<p style=\"text-align: justify;\">\n","protected":false},"excerpt":{"rendered":"<p>El IPV destinar\u00e1 m\u00e1s de $4 millones de inversi\u00f3n para la ejecuci\u00f3n de nuevas viviendas, que se agregan a las que ya se encuentran en ejecuci\u00f3n en La Candelaria. \u201cOtra vez, la articulaci\u00f3n entre Provincia y Municipio permitir\u00e1 agilizar el acceso a la vivienda en el interior\u201d, afirm\u00f3 el interventor del IPV, Mat\u00edas Posadas.<\/p>\n","protected":false},"author":3,"featured_media":5803,"comment_status":"closed","ping_status":"open","sticky":false,"template":"","format":"standard","meta":{"footnotes":""},"categories":[4,49],"tags":[],"_links":{"self":[{"href":"http:\/\/ipv.salta.gov.ar\/index.php?rest_route=\/wp\/v2\/posts\/5804"}],"collection":[{"href":"http:\/\/ipv.salta.gov.ar\/index.php?rest_route=\/wp\/v2\/posts"}],"about":[{"href":"http:\/\/ipv.salta.gov.ar\/index.php?rest_route=\/wp\/v2\/types\/post"}],"author":[{"embeddable":true,"href":"http:\/\/ipv.salta.gov.ar\/index.php?rest_route=\/wp\/v2\/users\/3"}],"replies":[{"embeddable":true,"href":"http:\/\/ipv.salta.gov.ar\/index.php?rest_route=%2Fwp%2Fv2%2Fcomments&post=5804"}],"version-history":[{"count":1,"href":"http:\/\/ipv.salta.gov.ar\/index.php?rest_route=\/wp\/v2\/posts\/5804\/revisions"}],"predecessor-version":[{"id":5805,"href":"http:\/\/ipv.salta.gov.ar\/index.php?rest_route=\/wp\/v2\/posts\/5804\/revisions\/5805"}],"wp:featuredmedia":[{"embeddable":true,"href":"http:\/\/ipv.salta.gov.ar\/index.php?rest_route=\/wp\/v2\/media\/5803"}],"wp:attachment":[{"href":"http:\/\/ipv.salta.gov.ar\/index.php?rest_route=%2Fwp%2Fv2%2Fmedia&parent=5804"}],"wp:term":[{"taxonomy":"category","embeddable":true,"href":"http:\/\/ipv.salta.gov.ar\/index.php?rest_route=%2Fwp%2Fv2%2Fcategories&post=5804"},{"taxonomy":"post_tag","embeddable":true,"href":"http:\/\/ipv.salta.gov.ar\/index.php?rest_route=%2Fwp%2Fv2%2Ftags&post=5804"}],"curies":[{"name":"wp","href":"https:\/\/api.w.org\/{rel}","templated":true}]}}