{"id":5810,"date":"2014-11-03T07:23:22","date_gmt":"2014-11-03T10:23:22","guid":{"rendered":"http:\/\/ipv.salta.gov.ar\/?p=5810"},"modified":"2014-11-03T07:34:28","modified_gmt":"2014-11-03T10:34:28","slug":"el-ipv-completa-la-entrega-de-100-viviendas-a-trabajadores-del-azucar","status":"publish","type":"post","link":"http:\/\/ipv.salta.gov.ar\/?p=5810","title":{"rendered":"El IPV completa la entrega de 100 viviendas a trabajadores del az\u00facar"},"content":{"rendered":"<p style=\"text-align: justify;\"><strong><a href=\"http:\/\/ipv.salta.gov.ar\/wp-content\/uploads\/2014\/10\/Entrega-Viviendas.jpg\"><img decoding=\"async\" loading=\"lazy\" class=\"alignnone size-medium wp-image-5809\" src=\"http:\/\/ipv.salta.gov.ar\/wp-content\/uploads\/2014\/10\/Entrega-Viviendas-300x225.jpg\" alt=\"Entrega Viviendas\" width=\"300\" height=\"225\" srcset=\"http:\/\/ipv.salta.gov.ar\/wp-content\/uploads\/2014\/10\/Entrega-Viviendas-300x225.jpg 300w, http:\/\/ipv.salta.gov.ar\/wp-content\/uploads\/2014\/10\/Entrega-Viviendas-600x450.jpg 600w, http:\/\/ipv.salta.gov.ar\/wp-content\/uploads\/2014\/10\/Entrega-Viviendas.jpg 640w\" sizes=\"(max-width: 300px) 100vw, 300px\" \/><\/a><\/strong><\/p>\n<p style=\"text-align: justify;\"><strong>La entrega de viviendas ser\u00e1 hoy al mediod\u00eda en\u00a0Or\u00e1n, a partir de un convenio entre el Instituto Provincial de la Vivienda y el Sindicato de Trabajadores del Az\u00facar. \u201cEn el norte, los trabajadores del az\u00facar tambi\u00e9n est\u00e1n vinculados con la producci\u00f3n de alcohol, biocombustibles y generaci\u00f3n de energ\u00eda el\u00e9ctrica. Ser parte de la cadena productiva es otra condici\u00f3n que nos empuja a garantizarles la seguridad de una casa propia\u201d, dijo Posadas al referirse a la entrega de la segunda etapa de 100 casas.<\/strong><\/p>\n<p style=\"text-align: justify;\"><!--more--><\/p>\n<p style=\"text-align: justify;\">El Instituto Provincial de Vivienda realizar\u00e1 hoy la entrega de\u00a0<strong>la segunda etapa de 50 casas para familias de trabajadores azucareros de la ciudad de San Ram\u00f3n de la Nueva Or\u00e1n, las que acceder\u00e1n a su primera casa propia,<\/strong>\u00a0desde las 12.<\/p>\n<p style=\"text-align: justify;\">Las 50 viviendas corresponden al\u00a0<strong>Programa Federal Plurianual de Construcci\u00f3n de Viviendas Reconvertido.<\/strong><\/p>\n<p style=\"text-align: justify;\">Con la entrega de esta segunda etapa,\u00a0<strong>se completar\u00e1 el grupo habitacional de 100 viviendas destinadas para los trabajadores del az\u00facar, que en Or\u00e1n se desempe\u00f1an en la producci\u00f3n agroindustrial del az\u00facar, alcohol, biocombustibles y generaci\u00f3n de energ\u00eda el\u00e9ctrica.<\/strong><\/p>\n<p style=\"text-align: justify;\">Las primeras 50 unidades fueron entregadas previamente por el gobernador Juan Manuel Urtubey.<\/p>\n<p style=\"text-align: justify;\">Las casas del Programa Federal Plurianual de Construcci\u00f3n de Viviendas Reconvertido,\u00a0<strong>constan de estar-comedor, dos dormitorios, cocina, ba\u00f1o y lavadero externo, adem\u00e1s de los servicios de redes de agua, cloaca y el\u00e9ctrica, veredas municipales, cord\u00f3n cuneta y calles enripiadas.<\/strong><\/p>\n<p style=\"text-align: justify;\"><strong>\u201cTodos los acuerdos alcanzados con los sindicatos y asociaciones de trabajadores nos permiten agilizar la selecci\u00f3n de los postulantes, porque son sus representantes los que conocen sus necesidades m\u00e1s urgentes. Todos deben cumplir con los requisitos del IPV, pero la agilizaci\u00f3n de los tr\u00e1mites, los acerca m\u00e1s r\u00e1pidamente a sus casas\u201d, finaliz\u00f3 el interventor del IPV Mat\u00edas Posadas.<\/strong><\/p>\n<p style=\"text-align: justify;\">\n","protected":false},"excerpt":{"rendered":"<p>La entrega de viviendas ser\u00e1 hoy al mediod\u00eda en\u00a0Or\u00e1n, a partir de un convenio entre el Instituto Provincial de la Vivienda y el Sindicato de Trabajadores del Az\u00facar. \u201cEn el norte, los trabajadores del az\u00facar tambi\u00e9n est\u00e1n vinculados con la producci\u00f3n de alcohol, biocombustibles y generaci\u00f3n de energ\u00eda el\u00e9ctrica. Ser parte de la cadena productiva [&hellip;]<\/p>\n","protected":false},"author":3,"featured_media":5809,"comment_status":"closed","ping_status":"open","sticky":false,"template":"","format":"standard","meta":{"footnotes":""},"categories":[4,49],"tags":[],"_links":{"self":[{"href":"http:\/\/ipv.salta.gov.ar\/index.php?rest_route=\/wp\/v2\/posts\/5810"}],"collection":[{"href":"http:\/\/ipv.salta.gov.ar\/index.php?rest_route=\/wp\/v2\/posts"}],"about":[{"href":"http:\/\/ipv.salta.gov.ar\/index.php?rest_route=\/wp\/v2\/types\/post"}],"author":[{"embeddable":true,"href":"http:\/\/ipv.salta.gov.ar\/index.php?rest_route=\/wp\/v2\/users\/3"}],"replies":[{"embeddable":true,"href":"http:\/\/ipv.salta.gov.ar\/index.php?rest_route=%2Fwp%2Fv2%2Fcomments&post=5810"}],"version-history":[{"count":2,"href":"http:\/\/ipv.salta.gov.ar\/index.php?rest_route=\/wp\/v2\/posts\/5810\/revisions"}],"predecessor-version":[{"id":5826,"href":"http:\/\/ipv.salta.gov.ar\/index.php?rest_route=\/wp\/v2\/posts\/5810\/revisions\/5826"}],"wp:featuredmedia":[{"embeddable":true,"href":"http:\/\/ipv.salta.gov.ar\/index.php?rest_route=\/wp\/v2\/media\/5809"}],"wp:attachment":[{"href":"http:\/\/ipv.salta.gov.ar\/index.php?rest_route=%2Fwp%2Fv2%2Fmedia&parent=5810"}],"wp:term":[{"taxonomy":"category","embeddable":true,"href":"http:\/\/ipv.salta.gov.ar\/index.php?rest_route=%2Fwp%2Fv2%2Fcategories&post=5810"},{"taxonomy":"post_tag","embeddable":true,"href":"http:\/\/ipv.salta.gov.ar\/index.php?rest_route=%2Fwp%2Fv2%2Ftags&post=5810"}],"curies":[{"name":"wp","href":"https:\/\/api.w.org\/{rel}","templated":true}]}}