{"id":5813,"date":"2014-10-31T07:49:33","date_gmt":"2014-10-31T10:49:33","guid":{"rendered":"http:\/\/ipv.salta.gov.ar\/?p=5813"},"modified":"2014-10-31T07:49:33","modified_gmt":"2014-10-31T10:49:33","slug":"la-provincia-garantiza-a-docentes-saltenos-el-acceso-a-vivienda","status":"publish","type":"post","link":"http:\/\/ipv.salta.gov.ar\/?p=5813","title":{"rendered":"La Provincia garantiza a docentes salte\u00f1os el acceso a vivienda"},"content":{"rendered":"<p class=\"texto-descripciones2texto-col-222justificado\" style=\"margin: 0cm 0cm 7.5pt; text-align: justify;\"><strong><span style=\"font-family: Helvetica;\"><a href=\"http:\/\/ipv.salta.gov.ar\/wp-content\/uploads\/2014\/10\/301014-vivDoc.jpg\"><img decoding=\"async\" loading=\"lazy\" class=\"alignnone size-medium wp-image-5812\" src=\"http:\/\/ipv.salta.gov.ar\/wp-content\/uploads\/2014\/10\/301014-vivDoc-300x193.jpg\" alt=\"301014-vivDoc\" width=\"300\" height=\"193\" srcset=\"http:\/\/ipv.salta.gov.ar\/wp-content\/uploads\/2014\/10\/301014-vivDoc-300x193.jpg 300w, http:\/\/ipv.salta.gov.ar\/wp-content\/uploads\/2014\/10\/301014-vivDoc.jpg 560w\" sizes=\"(max-width: 300px) 100vw, 300px\" \/><\/a><\/span><\/strong><\/p>\n<p class=\"texto-descripciones2texto-col-222justificado\" style=\"margin: 0cm 0cm 7.5pt; text-align: justify;\"><strong><span style=\"font-family: Helvetica;\">El Ministerio de Educaci\u00f3n y el Instituto Provincial de Vivienda acordaron con representantes de ADP, AMET y SADOP reservar cupos de viviendas para trabajadores de la educaci\u00f3n.<\/span><\/strong><\/p>\n<p class=\"texto-descripciones2texto-col-222justificado\" style=\"margin: 0cm 0cm 7.5pt; text-align: justify;\"><!--more--><\/p>\n<p style=\"text-align: justify;\">El ministro de Educaci\u00f3n, Ciencia y Tecnolog\u00eda Roberto Dib Ashur y el Interventor del Instituto Provincial de Vivienda Mat\u00edas Posadas, formalizaron hoy acuerdos con la Asociaci\u00f3n Docente Provincial, la Asociaci\u00f3n de Magisterio de Ense\u00f1anza T\u00e9cnica y el Sindicato Argentino de Docentes Privados de la Provincia.<\/p>\n<p style=\"text-align: justify;\">\u201cLa tarea conjunta con los sindicatos asegura que los maestros de toda la provincia accedan m\u00e1s r\u00e1pidamente a sus casas, por el trabajo de selecci\u00f3n y apoyo que llevar\u00e1n adelante los gremios\u201d, afirm\u00f3 Posadas. \u00a0Representaron a los trabajadores en la firma que se desarroll\u00f3 hoy en el Ministerio de Educaci\u00f3n, los secretarios generales Patricia Arga\u00f1araz(ADP), Eloy Alcal\u00e1 (AMET) y Mario Palavecino (SADOP).<\/p>\n<p style=\"text-align: justify;\">El IPV se comprometi\u00f3 a reservar cupos para viviendas gestionadas a trav\u00e9s de la Subsecretaria de Vivienda de la Naci\u00f3n. \u201cConsciente de la necesidad de lograr la inclusi\u00f3n social de distintos sectores de la comunidad y facilitar los medios para lograr el acceso a una vivienda digna es que el IPV colabora con los pedidos de los docentes\u201d, dijo el interventor.<\/p>\n<p style=\"text-align: justify;\">Los convenios establecen que para afiliados de ADP, AMET y SADOP se reservar\u00e1n cupos de viviendas, y por su parte, los sindicatos podr\u00e1n agilizar las preadjudicaciones a trav\u00e9s de las n\u00f3minas de futuros beneficiarios, que deber\u00e1n ser presentadas en los pr\u00f3ximos 60 d\u00edas. Sin embargo, en los convenios se estableci\u00f3 taxativamente que los postulantes deber\u00e1n encontrarse inscriptos en el IPV con una antig\u00fcedad m\u00ednima de dos a\u00f1os.<\/p>\n<p style=\"text-align: justify;\">\n","protected":false},"excerpt":{"rendered":"<p>El Ministerio de Educaci\u00f3n y el Instituto Provincial de Vivienda acordaron con representantes de ADP, AMET y SADOP reservar cupos de viviendas para trabajadores de la educaci\u00f3n.<\/p>\n","protected":false},"author":3,"featured_media":5812,"comment_status":"closed","ping_status":"open","sticky":false,"template":"","format":"standard","meta":{"footnotes":""},"categories":[4,49],"tags":[],"_links":{"self":[{"href":"http:\/\/ipv.salta.gov.ar\/index.php?rest_route=\/wp\/v2\/posts\/5813"}],"collection":[{"href":"http:\/\/ipv.salta.gov.ar\/index.php?rest_route=\/wp\/v2\/posts"}],"about":[{"href":"http:\/\/ipv.salta.gov.ar\/index.php?rest_route=\/wp\/v2\/types\/post"}],"author":[{"embeddable":true,"href":"http:\/\/ipv.salta.gov.ar\/index.php?rest_route=\/wp\/v2\/users\/3"}],"replies":[{"embeddable":true,"href":"http:\/\/ipv.salta.gov.ar\/index.php?rest_route=%2Fwp%2Fv2%2Fcomments&post=5813"}],"version-history":[{"count":1,"href":"http:\/\/ipv.salta.gov.ar\/index.php?rest_route=\/wp\/v2\/posts\/5813\/revisions"}],"predecessor-version":[{"id":5814,"href":"http:\/\/ipv.salta.gov.ar\/index.php?rest_route=\/wp\/v2\/posts\/5813\/revisions\/5814"}],"wp:featuredmedia":[{"embeddable":true,"href":"http:\/\/ipv.salta.gov.ar\/index.php?rest_route=\/wp\/v2\/media\/5812"}],"wp:attachment":[{"href":"http:\/\/ipv.salta.gov.ar\/index.php?rest_route=%2Fwp%2Fv2%2Fmedia&parent=5813"}],"wp:term":[{"taxonomy":"category","embeddable":true,"href":"http:\/\/ipv.salta.gov.ar\/index.php?rest_route=%2Fwp%2Fv2%2Fcategories&post=5813"},{"taxonomy":"post_tag","embeddable":true,"href":"http:\/\/ipv.salta.gov.ar\/index.php?rest_route=%2Fwp%2Fv2%2Ftags&post=5813"}],"curies":[{"name":"wp","href":"https:\/\/api.w.org\/{rel}","templated":true}]}}