{"id":5821,"date":"2014-10-31T07:56:06","date_gmt":"2014-10-31T10:56:06","guid":{"rendered":"http:\/\/ipv.salta.gov.ar\/?p=5821"},"modified":"2014-10-31T07:56:06","modified_gmt":"2014-10-31T10:56:06","slug":"veinte-familias-de-metan-se-sumaran-hoy-a-miles-que-ya-recibieron-su-vivienda","status":"publish","type":"post","link":"http:\/\/ipv.salta.gov.ar\/?p=5821","title":{"rendered":"Veinte familias de Met\u00e1n se sumar\u00e1n hoy a miles que ya recibieron su vivienda"},"content":{"rendered":"<p class=\"texto-descripciones2texto-col-222justificado\" style=\"margin: 0cm 0cm 7.5pt; text-align: justify;\"><strong><span style=\"font-family: Helvetica;\"><a href=\"http:\/\/ipv.salta.gov.ar\/wp-content\/uploads\/2014\/10\/entrega-anterior-viviendas-met\u00e1n.jpg\"><img decoding=\"async\" loading=\"lazy\" class=\"alignnone size-medium wp-image-5820\" src=\"http:\/\/ipv.salta.gov.ar\/wp-content\/uploads\/2014\/10\/entrega-anterior-viviendas-met\u00e1n-300x193.jpg\" alt=\"entrega anterior viviendas met\u00e1n\" width=\"300\" height=\"193\" srcset=\"http:\/\/ipv.salta.gov.ar\/wp-content\/uploads\/2014\/10\/entrega-anterior-viviendas-met\u00e1n-300x193.jpg 300w, http:\/\/ipv.salta.gov.ar\/wp-content\/uploads\/2014\/10\/entrega-anterior-viviendas-met\u00e1n.jpg 560w\" sizes=\"(max-width: 300px) 100vw, 300px\" \/><\/a><\/span><\/strong><\/p>\n<p class=\"texto-descripciones2texto-col-222justificado\" style=\"margin: 0cm 0cm 7.5pt; text-align: justify;\"><strong><span style=\"font-family: Helvetica;\">En esta ciudad del sur provincial se ejecutan diferentes convenios firmados por el IPV para la construcci\u00f3n y ampliaci\u00f3n de casas.<\/span><\/strong><\/p>\n<p class=\"texto-descripciones2texto-col-222justificado\" style=\"margin: 0cm 0cm 7.5pt; text-align: justify;\"><!--more--><\/p>\n<p style=\"text-align: justify;\">El Instituto Provincial de la Vivienda concretar\u00e1 hoy\u00a0la tercera entrega de viviendas del a\u00f1o en Met\u00e1n, ya que 20 familias recibir\u00e1n las llaves y carpetas t\u00e9cnicas de su nuevo hogar. El interventor del IPV, Mat\u00edas Posadas junto al intendente Fernando Romeri encabezar\u00e1n el acto que comenzar\u00e1 a las 13.<\/p>\n<p style=\"text-align: justify;\">El IPV realizar\u00e1 hoy\u00a0la tercera entrega de casas de este a\u00f1o en Met\u00e1n, que en esta oportunidad corresponden al programa federal Techo Digno. La primera entrega del a\u00f1o benefici\u00f3 a 48 familias, todas ubicadas en la zona sudeste de la ciudad de Met\u00e1n. Le siguieron familias de trabajadores del Poder Judicial y del Ministerio P\u00fablico de la misma ciudad.<\/p>\n<p style=\"text-align: justify;\">\u00a0Las casas que recibir\u00e1n las familias metanenses cuentan con estar-comedor, dos dormitorios, cocina, ba\u00f1o y lavadero externo y ya tienen los servicios de luz, agua, cloaca y gas.<\/p>\n<p style=\"text-align: justify;\">En esta ciudad del sur provincial se ejecutan diferentes convenios firmados por el IPV para la construcci\u00f3n y ampliaci\u00f3n de casas.<\/p>\n<p style=\"text-align: justify;\">El interventor del IPV, Mat\u00edas Posadas insisti\u00f3 en el valor de \u201cconstruir permanentemente en el interior, porque la casa propia es fundamental para desarrollar un proyecto de vida y conformar una familia, pero tambi\u00e9n para evitar el desarraigo de quienes muchas veces se ven forzados a dejar sus lugares de origen\u201d<\/p>\n<p style=\"text-align: justify;\">Tambi\u00e9n destac\u00f3 \u201cla pol\u00edtica del gobernador Juan Manuel Urtubey, que se basa en una decisi\u00f3n irrevocable de fortalecer permanentemente la pol\u00edtica social y la construcci\u00f3n de viviendas\u201d.<\/p>\n<p style=\"text-align: justify;\">\n","protected":false},"excerpt":{"rendered":"<p>En esta ciudad del sur provincial se ejecutan diferentes convenios firmados por el IPV para la construcci\u00f3n y ampliaci\u00f3n de casas.<\/p>\n","protected":false},"author":3,"featured_media":5820,"comment_status":"closed","ping_status":"open","sticky":false,"template":"","format":"standard","meta":{"footnotes":""},"categories":[4,49],"tags":[],"_links":{"self":[{"href":"http:\/\/ipv.salta.gov.ar\/index.php?rest_route=\/wp\/v2\/posts\/5821"}],"collection":[{"href":"http:\/\/ipv.salta.gov.ar\/index.php?rest_route=\/wp\/v2\/posts"}],"about":[{"href":"http:\/\/ipv.salta.gov.ar\/index.php?rest_route=\/wp\/v2\/types\/post"}],"author":[{"embeddable":true,"href":"http:\/\/ipv.salta.gov.ar\/index.php?rest_route=\/wp\/v2\/users\/3"}],"replies":[{"embeddable":true,"href":"http:\/\/ipv.salta.gov.ar\/index.php?rest_route=%2Fwp%2Fv2%2Fcomments&post=5821"}],"version-history":[{"count":1,"href":"http:\/\/ipv.salta.gov.ar\/index.php?rest_route=\/wp\/v2\/posts\/5821\/revisions"}],"predecessor-version":[{"id":5822,"href":"http:\/\/ipv.salta.gov.ar\/index.php?rest_route=\/wp\/v2\/posts\/5821\/revisions\/5822"}],"wp:featuredmedia":[{"embeddable":true,"href":"http:\/\/ipv.salta.gov.ar\/index.php?rest_route=\/wp\/v2\/media\/5820"}],"wp:attachment":[{"href":"http:\/\/ipv.salta.gov.ar\/index.php?rest_route=%2Fwp%2Fv2%2Fmedia&parent=5821"}],"wp:term":[{"taxonomy":"category","embeddable":true,"href":"http:\/\/ipv.salta.gov.ar\/index.php?rest_route=%2Fwp%2Fv2%2Fcategories&post=5821"},{"taxonomy":"post_tag","embeddable":true,"href":"http:\/\/ipv.salta.gov.ar\/index.php?rest_route=%2Fwp%2Fv2%2Ftags&post=5821"}],"curies":[{"name":"wp","href":"https:\/\/api.w.org\/{rel}","templated":true}]}}