{"id":5827,"date":"2014-10-31T20:50:29","date_gmt":"2014-10-31T23:50:29","guid":{"rendered":"http:\/\/ipv.salta.gov.ar\/?p=5827"},"modified":"2014-11-03T08:22:56","modified_gmt":"2014-11-03T11:22:56","slug":"familias-del-sur-de-la-provincia-son-nuevas-propietarias-de-viviendas","status":"publish","type":"post","link":"http:\/\/ipv.salta.gov.ar\/?p=5827","title":{"rendered":"Familias del sur de la provincia son nuevas propietarias de viviendas"},"content":{"rendered":"<p class=\"texto-descripciones2texto-col-222justificado\" style=\"margin: 0cm 0cm 7.5pt; text-align: justify;\"><strong><span style=\"font-family: Helvetica;\"><a href=\"http:\/\/ipv.salta.gov.ar\/wp-content\/uploads\/2014\/11\/engrega-20-viv-met\u00e1n.jpg\"><img decoding=\"async\" loading=\"lazy\" class=\"alignnone size-medium wp-image-5829\" src=\"http:\/\/ipv.salta.gov.ar\/wp-content\/uploads\/2014\/11\/engrega-20-viv-met\u00e1n-300x196.jpg\" alt=\"engrega 20 viv met\u00e1n\" width=\"300\" height=\"196\" srcset=\"http:\/\/ipv.salta.gov.ar\/wp-content\/uploads\/2014\/11\/engrega-20-viv-met\u00e1n-300x196.jpg 300w, http:\/\/ipv.salta.gov.ar\/wp-content\/uploads\/2014\/11\/engrega-20-viv-met\u00e1n.jpg 550w\" sizes=\"(max-width: 300px) 100vw, 300px\" \/><\/a><\/span><\/strong><\/p>\n<p class=\"texto-descripciones2texto-col-222justificado\" style=\"margin: 0cm 0cm 7.5pt; text-align: justify;\"><strong><span style=\"font-family: Helvetica;\">El IPV entreg\u00f3 hoy vivienda a veinte familias de San Jos\u00e9 de Met\u00e1n en un acto en que se destacaron casos especiales por antig\u00fcedad o discapacidad. Es la tercera entrega de casas que se concreta este a\u00f1o en esta ciudad. \u201cQueremos ayudar a hacer m\u00e1s llano el camino de los salte\u00f1os con dificultades y la casa propia es parte de ese proceso\u201d, afirm\u00f3 el responsable del organismo.<\/span><\/strong><\/p>\n<p class=\"texto-descripciones2texto-col-222justificado\" style=\"margin: 0cm 0cm 7.5pt; text-align: justify;\"><!--more--><\/p>\n<p style=\"text-align: justify;\">El interventor del Instituto Provincial de la Vivienda Mat\u00edas Posadas y el intendente de San Jos\u00e9 de Met\u00e1n, Fernando Romeri, encabezaron el acto de entrega de viviendas a veinte familias residentes en la ciudad. Todas las casas corresponden al Programa Federal Techo Digno.<\/p>\n<p style=\"text-align: justify;\">Entre las familias adjudicatarias, se encuentra la de Olga Noem\u00ed Jurado, inscripta desde diciembre de 1989 y quien tiene un hijo que sufre cuadriplejia esp\u00e1stica. Tambi\u00e9n recibi\u00f3 su primera casa, la familia del excombatiente de Malvinas Eduardo Oscar Copa, quien presenta una patolog\u00eda card\u00edaca.<\/p>\n<p style=\"text-align: justify;\">Posadas celebr\u00f3 la tercera entrega de lo que va del a\u00f1o en Met\u00e1n y anunci\u00f3 que el organismo empezar\u00e1 en los pr\u00f3ximos d\u00edas la licitaci\u00f3n de otras 110 viviendas, que \u201cforman parte de una nueva etapa para seguir invirtiendo en esta ciudad\u201d. El interventor anunci\u00f3 a los vecinos que el IPV firmar\u00e1 un convenio con la Municipalidad para la construcci\u00f3n de n\u00facleos h\u00famedos.<\/p>\n<p style=\"text-align: justify;\">Ante los presentes, el funcionario pidi\u00f3 compromiso a los adjudicatarios y destac\u00f3 la necesidad de que paguen sus cuotas, que no s\u00f3lo son accesibles, sino que generan un circuito que permite que se siga invirtiendo en otras familias que quieren concretar su sue\u00f1o.<\/p>\n<p style=\"text-align: justify;\">\u201cPagar en tiempo y forma es m\u00e1s que una responsabilidad financiera o econ\u00f3mica, es una responsabilidad social\u201d, dijo Posadas y record\u00f3 que \u201cel IPV trabaja fuertemente, como pidi\u00f3 el gobernador Juan Manuel Urtubey, para superar el r\u00e9cord propio de construcci\u00f3n de casas y acompa\u00f1ar una decisi\u00f3n pol\u00edtica important\u00edsima de priorizar la obra p\u00fablica y particularmente las viviendas\u201d.<\/p>\n<p style=\"text-align: justify;\">\n","protected":false},"excerpt":{"rendered":"<p>El IPV entreg\u00f3 hoy vivienda a veinte familias de San Jos\u00e9 de Met\u00e1n en un acto en que se destacaron casos especiales por antig\u00fcedad o discapacidad. Es la tercera entrega de casas que se concreta este a\u00f1o en esta ciudad. \u201cQueremos ayudar a hacer m\u00e1s llano el camino de los salte\u00f1os con dificultades y la [&hellip;]<\/p>\n","protected":false},"author":3,"featured_media":5829,"comment_status":"closed","ping_status":"open","sticky":false,"template":"","format":"standard","meta":{"footnotes":""},"categories":[4],"tags":[],"_links":{"self":[{"href":"http:\/\/ipv.salta.gov.ar\/index.php?rest_route=\/wp\/v2\/posts\/5827"}],"collection":[{"href":"http:\/\/ipv.salta.gov.ar\/index.php?rest_route=\/wp\/v2\/posts"}],"about":[{"href":"http:\/\/ipv.salta.gov.ar\/index.php?rest_route=\/wp\/v2\/types\/post"}],"author":[{"embeddable":true,"href":"http:\/\/ipv.salta.gov.ar\/index.php?rest_route=\/wp\/v2\/users\/3"}],"replies":[{"embeddable":true,"href":"http:\/\/ipv.salta.gov.ar\/index.php?rest_route=%2Fwp%2Fv2%2Fcomments&post=5827"}],"version-history":[{"count":2,"href":"http:\/\/ipv.salta.gov.ar\/index.php?rest_route=\/wp\/v2\/posts\/5827\/revisions"}],"predecessor-version":[{"id":5830,"href":"http:\/\/ipv.salta.gov.ar\/index.php?rest_route=\/wp\/v2\/posts\/5827\/revisions\/5830"}],"wp:featuredmedia":[{"embeddable":true,"href":"http:\/\/ipv.salta.gov.ar\/index.php?rest_route=\/wp\/v2\/media\/5829"}],"wp:attachment":[{"href":"http:\/\/ipv.salta.gov.ar\/index.php?rest_route=%2Fwp%2Fv2%2Fmedia&parent=5827"}],"wp:term":[{"taxonomy":"category","embeddable":true,"href":"http:\/\/ipv.salta.gov.ar\/index.php?rest_route=%2Fwp%2Fv2%2Fcategories&post=5827"},{"taxonomy":"post_tag","embeddable":true,"href":"http:\/\/ipv.salta.gov.ar\/index.php?rest_route=%2Fwp%2Fv2%2Ftags&post=5827"}],"curies":[{"name":"wp","href":"https:\/\/api.w.org\/{rel}","templated":true}]}}