{"id":5832,"date":"2014-11-04T08:03:53","date_gmt":"2014-11-04T11:03:53","guid":{"rendered":"http:\/\/ipv.salta.gov.ar\/?p=5832"},"modified":"2014-11-04T08:03:53","modified_gmt":"2014-11-04T11:03:53","slug":"cien-familias-de-azucareros-cuentan-con-su-casa-propia","status":"publish","type":"post","link":"http:\/\/ipv.salta.gov.ar\/?p=5832","title":{"rendered":"Cien familias de azucareros cuentan con su casa propia"},"content":{"rendered":"<p class=\"texto-descripciones2texto-col-222justificado\" style=\"text-align: justify; margin: 0cm 0cm 7.5pt 0cm;\"><strong><span style=\"font-family: Helvetica;\"><a href=\"http:\/\/ipv.salta.gov.ar\/wp-content\/uploads\/2014\/11\/vice-oran.jpg\"><img decoding=\"async\" loading=\"lazy\" class=\"alignnone size-medium wp-image-5831\" src=\"http:\/\/ipv.salta.gov.ar\/wp-content\/uploads\/2014\/11\/vice-oran-300x200.jpg\" alt=\"vice%20oran\" width=\"300\" height=\"200\" srcset=\"http:\/\/ipv.salta.gov.ar\/wp-content\/uploads\/2014\/11\/vice-oran-300x200.jpg 300w, http:\/\/ipv.salta.gov.ar\/wp-content\/uploads\/2014\/11\/vice-oran.jpg 540w\" sizes=\"(max-width: 300px) 100vw, 300px\" \/><\/a><\/span><\/strong><\/p>\n<p class=\"texto-descripciones2texto-col-222justificado\" style=\"text-align: justify; margin: 0cm 0cm 7.5pt 0cm;\"><strong><span style=\"font-family: Helvetica;\">En San Ram\u00f3n de la Nueva Or\u00e1n se concret\u00f3 la entrega de 50 casas correspondientes a la segunda etapa del Plan Federal Plurianual Reconvertido, con lo cual se complet\u00f3 la entrega de un total de 100 viviendas.<\/span><\/strong><\/p>\n<p class=\"texto-descripciones2texto-col-222justificado\" style=\"text-align: justify; margin: 0cm 0cm 7.5pt 0cm;\"><!--more--><\/p>\n<p style=\"margin: 0cm; margin-bottom: .0001pt; text-align: justify;\"><span style=\"font-family: Helvetica; color: #333333;\">Un total de cincuenta familias de San Ram\u00f3n de la Nueva Or\u00e1n accedieron ayer\u00a0la vivienda propia, en el transcurso de un acto encabezado por el vicegobernador, Andr\u00e9s Zottos y el Interventor del IPV Mat\u00edas Posadas.<\/span><\/p>\n<p style=\"text-align: justify; background-position: initial initial; background-repeat: initial initial; margin: 0cm 0cm 7.5pt 0cm;\"><span style=\"font-family: Helvetica; color: #333333;\">Las unidades habitacionales corresponden a la segunda etapa del Plan Federal Reconvertido, con lo cual se complet\u00f3 la entrega de un total de cien viviendas.<\/span><\/p>\n<p style=\"text-align: justify; background-position: initial initial; background-repeat: initial initial; margin: 0cm 0cm 7.5pt 0cm;\"><span style=\"font-family: Helvetica; color: #333333;\">La mayor\u00eda de los beneficiarios son trabajadores del Ingenio El Tabacal y recibieron unidades con estar-comedor, dos dormitorios, cocina, ba\u00f1o y lavadero externo, adem\u00e1s de los servicios de redes de agua, cloaca y el\u00e9ctrica, veredas municipales, cord\u00f3n cuneta y calles enripiadas.<\/span><\/p>\n<p style=\"text-align: justify; background-position: initial initial; background-repeat: initial initial; margin: 0cm 0cm 7.5pt 0cm;\"><span style=\"font-family: Helvetica; color: #333333;\">En la oportunidad,\u00a0\u00a0el Vicegobernador sostuvo que \u201cel techo propio ayuda a unir y consolidar a la familia\u201d y anunci\u00f3 que en breve se comenzar\u00e1 la construcci\u00f3n de otras 200 viviendas en Or\u00e1n. Agreg\u00f3 que \u201ceste es el gobierno que m\u00e1s viviendas construy\u00f3 en la historia de 57\u00a0Provincia\u201d, y est\u00e1 previsto completar m\u00e1s de 20.000 hasta el a\u00f1o pr\u00f3ximo, con un promedio de 3.000 viviendas por a\u00f1o.<\/span><\/p>\n<p style=\"text-align: justify; background-position: initial initial; background-repeat: initial initial; margin: 0cm 0cm 7.5pt 0cm;\"><span style=\"font-family: Helvetica; color: #333333;\">\u201cEsta administraci\u00f3n no hace obras por conveniencia pol\u00edtica, sino pensando en la familia como eje central de su acci\u00f3n, con un sentido de igualdad de oportunidades e inclusi\u00f3n para todos\u201d, expres\u00f3.<\/span><\/p>\n<p style=\"text-align: justify; background-position: initial initial; background-repeat: initial initial; margin: 0cm 0cm 7.5pt 0cm;\"><span style=\"font-family: Helvetica; color: #333333;\">Por su parte, el interventor del Instituto Provincial de la Vivienda Mat\u00edas Posadas, destac\u00f3 el trabajo conjunto que permite avanzar r\u00e1pidamente en la entrega de casas a trabajadores de la producci\u00f3n. \u201cEstas casas, que ahora ser\u00e1n hogares, se ejecutaron a trav\u00e9s de un convenio por el cual el Sindicato de Trabajadores del Az\u00facar cedi\u00f3 los terrenos y el IPV construy\u00f3 las viviendas\u201d, dijo Posadas.<\/span><\/p>\n<p style=\"text-align: justify; background-position: initial initial; background-repeat: initial initial; margin: 0cm 0cm 7.5pt 0cm;\"><span style=\"font-family: Helvetica; color: #333333;\">El funcionario agreg\u00f3 \u201cFinalmente ustedes pueden cumplir el sue\u00f1o de la casa propia y a pesar de la espera, hemos podido cumplir con el objetivo: hoy empiezan a disfrutar de su hogar, porque ya no se trata solo de una casa, sino de un espacio al que ustedes llenar\u00e1n de amor\u201d.<\/span><\/p>\n<p style=\"text-align: justify; background-position: initial initial; background-repeat: initial initial; margin: 0cm 0cm 7.5pt 0cm;\"><span style=\"font-family: Helvetica; color: #333333;\">Tambi\u00e9n participaron del acto el intendente de Or\u00e1n, Marcelo Lara Gros, el ministro de Ambiente y Producci\u00f3n Sustentable, Baltasar Saravia; legisladores y empresarios de la C\u00e1mara Salte\u00f1a de la Construcci\u00f3n, el Centro de Obrajeros del Norte y la Asociaci\u00f3n de Productores foresto-industriales y comerciales de Salta.<\/span><\/p>\n<p style=\"text-align: justify; background-position: initial initial; background-repeat: initial initial; margin: 0cm 0cm 7.5pt 0cm;\"><span style=\"font-family: Helvetica; color: #333333;\">El funcionario reiter\u00f3 que la Provincia sigue superando su propio r\u00e9cord de construcci\u00f3n con 3300 viviendas en ejecuci\u00f3n y m\u00e1s de 3600 licitadas.<\/span><\/p>\n<p style=\"text-align: justify; background-position: initial initial; background-repeat: initial initial; margin: 0cm 0cm 7.5pt 0cm;\"><span style=\"font-family: Helvetica; color: #333333;\">Tambi\u00e9n celebr\u00f3 el convenio con los madereros, que permitir\u00e1 que los pliegos de licitaciones del Instituto Provincial de la Vivienda incorporen el aprovechamiento de la madera local.<\/span><\/p>\n<p style=\"text-align: justify; background-position: initial initial; background-repeat: initial initial; margin: 0cm 0cm 7.5pt 0cm;\"><span style=\"font-family: Helvetica; color: #333333;\">\u201cSeguimos sumando al circuito de generaci\u00f3n de mano de obra y esta vez ser\u00e1 a trav\u00e9s de la inversi\u00f3n p\u00fablica y el desarrollo de la actividad maderera\u201d, finaliz\u00f3 Posadas.<\/span><\/p>\n<p style=\"margin: 0cm; margin-bottom: .0001pt; text-align: justify; background-position: initial initial; background-repeat: initial initial;\"><strong><span style=\"font-family: Helvetica; color: #333333;\">Convenio con madereros<\/span><\/strong><\/p>\n<p style=\"text-align: justify; background-position: initial initial; background-repeat: initial initial; margin: 0cm 0cm 7.5pt 0cm;\"><span style=\"font-family: Helvetica; color: #333333;\">En el transcurso del acto, Provincia, C\u00e1mara de la Construcci\u00f3n y empresarios madereros agrupados en el Centro de Obrajeros del Norte y la Asociaci\u00f3n de Productores foresto-industriales y comerciales de Salta, firmaron un acta acuerdo para que toda licitaci\u00f3n de viviendas prevea que al menos un 25% de los accesorios de las mismas contengan maderas nativas o forestadas en la Provincia.<\/span><\/p>\n<p style=\"text-align: justify; background-position: initial initial; background-repeat: initial initial; margin: 0cm 0cm 7.5pt 0cm;\"><span style=\"font-family: Helvetica; color: #333333;\">\u201cEsto significa un gran impulso a la mano de obra salte\u00f1a, generando m\u00e1s trabajo para la gente de Or\u00e1n y San Mart\u00edn y contribuye a dinamizar la econom\u00eda del norte\u201d, afirm\u00f3 Zottos tras rubricar el acuerdo que fue firmado por Guillermo Arroyo, de la C\u00e1mara de la Construcci\u00f3n; Daniel Loutaif y Daniel Briones, representantes de los madereros y por el interventor del IPV y el ministro de Ambiente y Producci\u00f3n.<\/span><\/p>\n","protected":false},"excerpt":{"rendered":"<p>En San Ram\u00f3n de la Nueva Or\u00e1n se concret\u00f3 la entrega de 50 casas correspondientes a la segunda etapa del Plan Federal Plurianual Reconvertido, con lo cual se complet\u00f3 la entrega de un total de 100 viviendas.<\/p>\n","protected":false},"author":3,"featured_media":5831,"comment_status":"closed","ping_status":"open","sticky":false,"template":"","format":"standard","meta":{"footnotes":""},"categories":[4,49],"tags":[],"_links":{"self":[{"href":"http:\/\/ipv.salta.gov.ar\/index.php?rest_route=\/wp\/v2\/posts\/5832"}],"collection":[{"href":"http:\/\/ipv.salta.gov.ar\/index.php?rest_route=\/wp\/v2\/posts"}],"about":[{"href":"http:\/\/ipv.salta.gov.ar\/index.php?rest_route=\/wp\/v2\/types\/post"}],"author":[{"embeddable":true,"href":"http:\/\/ipv.salta.gov.ar\/index.php?rest_route=\/wp\/v2\/users\/3"}],"replies":[{"embeddable":true,"href":"http:\/\/ipv.salta.gov.ar\/index.php?rest_route=%2Fwp%2Fv2%2Fcomments&post=5832"}],"version-history":[{"count":1,"href":"http:\/\/ipv.salta.gov.ar\/index.php?rest_route=\/wp\/v2\/posts\/5832\/revisions"}],"predecessor-version":[{"id":5833,"href":"http:\/\/ipv.salta.gov.ar\/index.php?rest_route=\/wp\/v2\/posts\/5832\/revisions\/5833"}],"wp:featuredmedia":[{"embeddable":true,"href":"http:\/\/ipv.salta.gov.ar\/index.php?rest_route=\/wp\/v2\/media\/5831"}],"wp:attachment":[{"href":"http:\/\/ipv.salta.gov.ar\/index.php?rest_route=%2Fwp%2Fv2%2Fmedia&parent=5832"}],"wp:term":[{"taxonomy":"category","embeddable":true,"href":"http:\/\/ipv.salta.gov.ar\/index.php?rest_route=%2Fwp%2Fv2%2Fcategories&post=5832"},{"taxonomy":"post_tag","embeddable":true,"href":"http:\/\/ipv.salta.gov.ar\/index.php?rest_route=%2Fwp%2Fv2%2Ftags&post=5832"}],"curies":[{"name":"wp","href":"https:\/\/api.w.org\/{rel}","templated":true}]}}