{"id":5842,"date":"2014-11-05T14:02:03","date_gmt":"2014-11-05T17:02:03","guid":{"rendered":"http:\/\/ipv.salta.gov.ar\/?p=5842"},"modified":"2014-11-05T14:02:03","modified_gmt":"2014-11-05T17:02:03","slug":"empleados-judiciales-de-capital-accederan-a-la-vivienda-propia","status":"publish","type":"post","link":"http:\/\/ipv.salta.gov.ar\/?p=5842","title":{"rendered":"Empleados judiciales de capital acceder\u00e1n a la vivienda propia"},"content":{"rendered":"<p class=\"texto-descripciones2texto-col-222justificado\" style=\"margin: 0cm 0cm 7.5pt; text-align: justify;\"><strong><span style=\"font-size: 11.0pt; font-family: Helvetica;\"><a href=\"http:\/\/ipv.salta.gov.ar\/wp-content\/uploads\/2014\/11\/posadas-judiciales.jpg\"><img decoding=\"async\" loading=\"lazy\" class=\"alignnone size-medium wp-image-5841\" src=\"http:\/\/ipv.salta.gov.ar\/wp-content\/uploads\/2014\/11\/posadas-judiciales-300x167.jpg\" alt=\"posadas-judiciales\" width=\"300\" height=\"167\" srcset=\"http:\/\/ipv.salta.gov.ar\/wp-content\/uploads\/2014\/11\/posadas-judiciales-300x167.jpg 300w, http:\/\/ipv.salta.gov.ar\/wp-content\/uploads\/2014\/11\/posadas-judiciales-600x334.jpg 600w, http:\/\/ipv.salta.gov.ar\/wp-content\/uploads\/2014\/11\/posadas-judiciales-284x158.jpg 284w, http:\/\/ipv.salta.gov.ar\/wp-content\/uploads\/2014\/11\/posadas-judiciales-128x72.jpg 128w\" sizes=\"(max-width: 300px) 100vw, 300px\" \/><\/a><\/span><\/strong><\/p>\n<p class=\"texto-descripciones2texto-col-222justificado\" style=\"margin: 0cm 0cm 7.5pt; text-align: justify;\"><strong><span style=\"font-size: 11.0pt; font-family: Helvetica;\">El interventor del IPV, Mat\u00edas Posadas, y la ministra de Justicia, Pamela Calletti, se reunieron con el secretario general de la Agremiaci\u00f3n de Empleados del Poder Judicial y el Ministerio P\u00fablico, Oscar Lafuente, para establecer un acuerdo que permita el acceso a la vivienda. Mediante el acuerdo se reserva un cupo de viviendas para empleados judiciales residentes de la capital salte\u00f1a.<\/span><\/strong><\/p>\n<p class=\"texto-descripciones2texto-col-222justificado\" style=\"margin: 0cm 0cm 7.5pt; text-align: justify;\"><!--more--><\/p>\n<p style=\"text-align: justify;\">A trav\u00e9s de un acuerdo formalizado con el Sindicato de los trabajadores judiciales y del Ministerio Publico Fiscal, el IPV asumi\u00f3 el compromiso de reservar y construir a los empleados judiciales un cupo de viviendas que ya fueron gestionadas ante la Subsecretar\u00eda de Viviendas de\u00a0 la Naci\u00f3n.<\/p>\n<p>Por su parte, la Agremiaci\u00f3n tendr\u00e1 la responsabilidad de presentar la n\u00f3mina de los futuros beneficiarios, quienes deber\u00e1n cumplir con la reglamentaci\u00f3n vigente y encontrarse inscriptos en el Instituto Provincial de la Vivienda, con una antig\u00fcedad m\u00ednima de dos a\u00f1os.<\/p>\n<p>El interventor del IPV, Mat\u00edas Posadas, enfatiz\u00f3 el trabajo mancomunado que se viene realizando con los trabajadores del Poder Judicial, cuyo mayor porcentaje se encuentra en la capital salte\u00f1a y record\u00f3 que de Met\u00e1n se complet\u00f3 recientemente la entrega de 40 casas del Programa Plurianual Reconvertido.<\/p>\n<p>\u201cSi a la posibilidad de acceder a la casa propia y no alquilar o convivir con parientes, le sumamos la inmediatez con el lugar de trabajo y la certeza de que cada mes que se paga la cuota, se invierte en un bien de familia, confirmamos que seguir con la pol\u00edtica habitacional marcada por el gobernador Urtubey, es la m\u00e1s acertada para arraigar a los salte\u00f1os y no empujarlos a buscar nuevos destinos\u201d, afirm\u00f3 Posadas.<\/p>\n<p style=\"text-align: justify;\">\n","protected":false},"excerpt":{"rendered":"<p>El interventor del IPV, Mat\u00edas Posadas, y la ministra de Justicia, Pamela Calletti, se reunieron con el secretario general de la Agremiaci\u00f3n de Empleados del Poder Judicial y el Ministerio P\u00fablico, Oscar Lafuente, para establecer un acuerdo que permita el acceso a la vivienda. Mediante el acuerdo se reserva un cupo de viviendas para empleados [&hellip;]<\/p>\n","protected":false},"author":3,"featured_media":5841,"comment_status":"closed","ping_status":"open","sticky":false,"template":"","format":"standard","meta":{"footnotes":""},"categories":[4,49],"tags":[],"_links":{"self":[{"href":"http:\/\/ipv.salta.gov.ar\/index.php?rest_route=\/wp\/v2\/posts\/5842"}],"collection":[{"href":"http:\/\/ipv.salta.gov.ar\/index.php?rest_route=\/wp\/v2\/posts"}],"about":[{"href":"http:\/\/ipv.salta.gov.ar\/index.php?rest_route=\/wp\/v2\/types\/post"}],"author":[{"embeddable":true,"href":"http:\/\/ipv.salta.gov.ar\/index.php?rest_route=\/wp\/v2\/users\/3"}],"replies":[{"embeddable":true,"href":"http:\/\/ipv.salta.gov.ar\/index.php?rest_route=%2Fwp%2Fv2%2Fcomments&post=5842"}],"version-history":[{"count":1,"href":"http:\/\/ipv.salta.gov.ar\/index.php?rest_route=\/wp\/v2\/posts\/5842\/revisions"}],"predecessor-version":[{"id":5843,"href":"http:\/\/ipv.salta.gov.ar\/index.php?rest_route=\/wp\/v2\/posts\/5842\/revisions\/5843"}],"wp:featuredmedia":[{"embeddable":true,"href":"http:\/\/ipv.salta.gov.ar\/index.php?rest_route=\/wp\/v2\/media\/5841"}],"wp:attachment":[{"href":"http:\/\/ipv.salta.gov.ar\/index.php?rest_route=%2Fwp%2Fv2%2Fmedia&parent=5842"}],"wp:term":[{"taxonomy":"category","embeddable":true,"href":"http:\/\/ipv.salta.gov.ar\/index.php?rest_route=%2Fwp%2Fv2%2Fcategories&post=5842"},{"taxonomy":"post_tag","embeddable":true,"href":"http:\/\/ipv.salta.gov.ar\/index.php?rest_route=%2Fwp%2Fv2%2Ftags&post=5842"}],"curies":[{"name":"wp","href":"https:\/\/api.w.org\/{rel}","templated":true}]}}