{"id":5885,"date":"2014-11-17T11:55:18","date_gmt":"2014-11-17T14:55:18","guid":{"rendered":"http:\/\/ipv.salta.gov.ar\/?p=5885"},"modified":"2014-11-17T11:55:18","modified_gmt":"2014-11-17T14:55:18","slug":"la-administracion-publica-y-otros-empleados-de-la-provincia-se-beneficiaran-con-cupo-de-viviendas","status":"publish","type":"post","link":"http:\/\/ipv.salta.gov.ar\/?p=5885","title":{"rendered":"La Administraci\u00f3n P\u00fablica y otros empleados de la provincia se beneficiar\u00e1n con cupo de viviendas"},"content":{"rendered":"<p><a href=\"http:\/\/ipv.salta.gov.ar\/wp-content\/uploads\/2014\/09\/090914-IPV.jpg\"><img decoding=\"async\" loading=\"lazy\" class=\"alignnone size-medium wp-image-5617\" src=\"http:\/\/ipv.salta.gov.ar\/wp-content\/uploads\/2014\/09\/090914-IPV-300x207.jpg\" alt=\"090914-IPV\" width=\"300\" height=\"207\" srcset=\"http:\/\/ipv.salta.gov.ar\/wp-content\/uploads\/2014\/09\/090914-IPV-300x207.jpg 300w, http:\/\/ipv.salta.gov.ar\/wp-content\/uploads\/2014\/09\/090914-IPV.jpg 600w\" sizes=\"(max-width: 300px) 100vw, 300px\" \/><\/a><\/p>\n<p class=\"texto-descripciones2texto-col-222justificado\" style=\"text-align: justify; margin: 0cm 0cm 7.5pt 0cm;\"><strong><span style=\"font-size: 9.5pt; font-family: Helvetica;\">Hoy a las 10 en la sede del Instituto Provincial de la Vivienda se firmar\u00e1 un convenio con el sindicato de la Uni\u00f3n Personal Civil de la Naci\u00f3n (UPCN). Contar\u00e1 con la presencia del Interventor del IPV Mat\u00edas Posadas, adem\u00e1s de diferentes representantes gremiales.<\/span><\/strong><\/p>\n<p class=\"texto-descripciones2texto-col-222justificado\" style=\"text-align: justify; margin: 0cm 0cm 7.5pt 0cm;\"><!--more--><\/p>\n<p style=\"margin: 0cm; margin-bottom: .0001pt; text-align: justify;\"><span style=\"font-size: 10.5pt; font-family: Helvetica; color: #333333;\">Hoy, el Instituto Provincial de la Vivienda (IPV) se firmar\u00e1 de un acuerdo con el sindicato de la Uni\u00f3n Personal Civil de la Naci\u00f3n (UPCN), que re\u00fane a empleados de de la administraci\u00f3n p\u00fablica, y otros gremios, por la construcci\u00f3n de futuras viviendas.<\/p>\n<p>El acuerdo se realizar\u00e1 a las 10 en la sede del IPV, ubicado en Belgrano 1.349 y contar\u00e1 con la presencia del Interventor del IPV Mat\u00edas Posadas, adem\u00e1s de diferentes representantes gremiales.<\/p>\n<p>Los convenios establecen que el IPV reservar\u00e1 para los afiliados a los gremios cupos de viviendas y por su parte los sindicatos tendr\u00e1n la responsabilidad de presentar la n\u00f3mina de los futuros beneficiarios, quienes deber\u00e1n cumplir con la reglamentaci\u00f3n vigente\u00a0 y encontrarse inscriptos con una antig\u00fcedad m\u00ednima de dos a\u00f1os.<\/p>\n<p>Cabe destacar que el interventor Mat\u00edas Posadas desde que inici\u00f3 su gesti\u00f3n se reuni\u00f3 con los diferentes gremios, para interiorizarse de la problem\u00e1tica habitacional de sus afiliados y es que as\u00ed tomo la decisi\u00f3n de destinar un cupo de viviendas para los diversos trabajadores de la provincia.<\/p>\n<p>Ya fueron beneficiados con la firma de estos convenios los sindicatos de\u00a0 ADP, AMET, SADOP y Empleados Judiciales.<\/span><\/p>\n","protected":false},"excerpt":{"rendered":"<p>Hoy a las 10 en la sede del Instituto Provincial de la Vivienda se firmar\u00e1 un convenio con el sindicato de la Uni\u00f3n Personal Civil de la Naci\u00f3n (UPCN). Contar\u00e1 con la presencia del Interventor del IPV Mat\u00edas Posadas, adem\u00e1s de diferentes representantes gremiales.<\/p>\n","protected":false},"author":3,"featured_media":5528,"comment_status":"closed","ping_status":"open","sticky":false,"template":"","format":"standard","meta":{"footnotes":""},"categories":[4,49],"tags":[],"_links":{"self":[{"href":"http:\/\/ipv.salta.gov.ar\/index.php?rest_route=\/wp\/v2\/posts\/5885"}],"collection":[{"href":"http:\/\/ipv.salta.gov.ar\/index.php?rest_route=\/wp\/v2\/posts"}],"about":[{"href":"http:\/\/ipv.salta.gov.ar\/index.php?rest_route=\/wp\/v2\/types\/post"}],"author":[{"embeddable":true,"href":"http:\/\/ipv.salta.gov.ar\/index.php?rest_route=\/wp\/v2\/users\/3"}],"replies":[{"embeddable":true,"href":"http:\/\/ipv.salta.gov.ar\/index.php?rest_route=%2Fwp%2Fv2%2Fcomments&post=5885"}],"version-history":[{"count":1,"href":"http:\/\/ipv.salta.gov.ar\/index.php?rest_route=\/wp\/v2\/posts\/5885\/revisions"}],"predecessor-version":[{"id":5886,"href":"http:\/\/ipv.salta.gov.ar\/index.php?rest_route=\/wp\/v2\/posts\/5885\/revisions\/5886"}],"wp:featuredmedia":[{"embeddable":true,"href":"http:\/\/ipv.salta.gov.ar\/index.php?rest_route=\/wp\/v2\/media\/5528"}],"wp:attachment":[{"href":"http:\/\/ipv.salta.gov.ar\/index.php?rest_route=%2Fwp%2Fv2%2Fmedia&parent=5885"}],"wp:term":[{"taxonomy":"category","embeddable":true,"href":"http:\/\/ipv.salta.gov.ar\/index.php?rest_route=%2Fwp%2Fv2%2Fcategories&post=5885"},{"taxonomy":"post_tag","embeddable":true,"href":"http:\/\/ipv.salta.gov.ar\/index.php?rest_route=%2Fwp%2Fv2%2Ftags&post=5885"}],"curies":[{"name":"wp","href":"https:\/\/api.w.org\/{rel}","templated":true}]}}