{"id":5889,"date":"2014-11-17T18:19:24","date_gmt":"2014-11-17T21:19:24","guid":{"rendered":"http:\/\/ipv.salta.gov.ar\/?p=5889"},"modified":"2014-11-17T18:23:21","modified_gmt":"2014-11-17T21:23:21","slug":"el-ipv-construira-mas-de-700-viviendas-para-trabajadores","status":"publish","type":"post","link":"http:\/\/ipv.salta.gov.ar\/?p=5889","title":{"rendered":"El IPV construir\u00e1 m\u00e1s de 700 viviendas para trabajadores"},"content":{"rendered":"<p><a href=\"http:\/\/ipv.salta.gov.ar\/wp-content\/uploads\/2014\/11\/171114-ipv.jpg\"><img decoding=\"async\" loading=\"lazy\" class=\"alignnone size-medium wp-image-5890\" src=\"http:\/\/ipv.salta.gov.ar\/wp-content\/uploads\/2014\/11\/171114-ipv-300x193.jpg\" alt=\"171114-ipv\" width=\"300\" height=\"193\" srcset=\"http:\/\/ipv.salta.gov.ar\/wp-content\/uploads\/2014\/11\/171114-ipv-300x193.jpg 300w, http:\/\/ipv.salta.gov.ar\/wp-content\/uploads\/2014\/11\/171114-ipv.jpg 560w\" sizes=\"(max-width: 300px) 100vw, 300px\" \/><\/a>As\u00ed lo anunci\u00f3 el interventor del IPV, Mat\u00edas Posadas durante el encuentro realizado con asociaciones y sindicatos de trabajadores de distintos sectores del sector p\u00fablico y privado. En un trabajo conjunto con diferentes sindicatos, se avanzar\u00e1 en los cupos para cada sector y las listas de preadjudicatarios que aportar\u00e1 cada uno de ellos.<\/p>\n<p><!--more--><\/p>\n<p>El Interventor del IPV Mat\u00edas Posadas anunci\u00f3 la construcci\u00f3n de m\u00e1s de 700 nuevas viviendas destinadas a los empleados del sector p\u00fablico y privado.<\/p>\n<p>Ya se acord\u00f3 con los sindicatos del sector docente, a trav\u00e9s de la ADP, AMET, SADOP, y tambi\u00e9n con la Agremiaci\u00f3n de Empleados Judiciales y del Ministerio P\u00fablico. En tanto, se avanzar\u00e1 en el acuerdo con las 62 Organizaciones Gremiales, la Uni\u00f3n Personal Civil de la Naci\u00f3n (UPCN) y la Asociaci\u00f3n de Trabajadores del Estado (ATE), adem\u00e1s de madereros de Oran, Servicio Penitenciario, empleados viales y otros gremios que ser\u00e1n convocados en las pr\u00f3ximas semanas.<\/p>\n<p>El interventor Mat\u00edas Posadas destac\u00f3 que \u201cel IPV ya se encuentra trabajando en la licitaci\u00f3n con los sindicatos que aportan los terrenos para la construcci\u00f3n de las viviendas, como es el caso de los gremios que agrupan a los trabajadores de Vialidad de la Provincia, el Servicio Penitenciario y los Madereros del departamento Or\u00e1n\u201d.<\/p>\n<p>\u201cConstruiremos m\u00e1s de 700 nuevas viviendas destinadas a los trabajadores de la provincia, entre los est\u00e1n incluidos los que ya firmamos y los que vamos a sumar a trav\u00e9s de los cupos con todos los sectores\u201d dijo Posadas.<\/p>\n<p>Tambi\u00e9n reconoci\u00f3 el trabajo mancomunado entre el IPV y los sindicatos y destac\u00f3 que son el canal para agilizar la soluci\u00f3n a la problem\u00e1tica habitacional de sus afiliados.<\/p>\n<p>Por su parte, los sindicatos tendr\u00e1n la responsabilidad de presentar los listados de preadjudicatarios, quienes deber\u00e1n contar con una inscripci\u00f3n de por lo menos dos a\u00f1os de antig\u00fcedad.<\/p>\n<p>\u201cEste Gobierno ha puesto en el eje de su pol\u00edtica p\u00fablica a las personas y ha revalorizado a los trabajadores. A nosotros nos toca garantizar que todos los que cumplan con los requisitos accedan a los sorteos\u201d, afirm\u00f3 el interventor del IPV.<\/p>\n<p>El cumplimiento de requisitos exigidos por el IPV ser\u00e1 verificado por el organismo.<\/p>\n","protected":false},"excerpt":{"rendered":"<p>As\u00ed lo anunci\u00f3 el interventor del IPV, Mat\u00edas Posadas durante el encuentro realizado con asociaciones y sindicatos de trabajadores de distintos sectores del sector p\u00fablico y privado. En un trabajo conjunto con diferentes sindicatos, se avanzar\u00e1 en los cupos para cada sector y las listas de preadjudicatarios que aportar\u00e1 cada uno de ellos.<\/p>\n","protected":false},"author":3,"featured_media":5890,"comment_status":"closed","ping_status":"open","sticky":false,"template":"","format":"standard","meta":{"footnotes":""},"categories":[4,49],"tags":[],"_links":{"self":[{"href":"http:\/\/ipv.salta.gov.ar\/index.php?rest_route=\/wp\/v2\/posts\/5889"}],"collection":[{"href":"http:\/\/ipv.salta.gov.ar\/index.php?rest_route=\/wp\/v2\/posts"}],"about":[{"href":"http:\/\/ipv.salta.gov.ar\/index.php?rest_route=\/wp\/v2\/types\/post"}],"author":[{"embeddable":true,"href":"http:\/\/ipv.salta.gov.ar\/index.php?rest_route=\/wp\/v2\/users\/3"}],"replies":[{"embeddable":true,"href":"http:\/\/ipv.salta.gov.ar\/index.php?rest_route=%2Fwp%2Fv2%2Fcomments&post=5889"}],"version-history":[{"count":6,"href":"http:\/\/ipv.salta.gov.ar\/index.php?rest_route=\/wp\/v2\/posts\/5889\/revisions"}],"predecessor-version":[{"id":5894,"href":"http:\/\/ipv.salta.gov.ar\/index.php?rest_route=\/wp\/v2\/posts\/5889\/revisions\/5894"}],"wp:featuredmedia":[{"embeddable":true,"href":"http:\/\/ipv.salta.gov.ar\/index.php?rest_route=\/wp\/v2\/media\/5890"}],"wp:attachment":[{"href":"http:\/\/ipv.salta.gov.ar\/index.php?rest_route=%2Fwp%2Fv2%2Fmedia&parent=5889"}],"wp:term":[{"taxonomy":"category","embeddable":true,"href":"http:\/\/ipv.salta.gov.ar\/index.php?rest_route=%2Fwp%2Fv2%2Fcategories&post=5889"},{"taxonomy":"post_tag","embeddable":true,"href":"http:\/\/ipv.salta.gov.ar\/index.php?rest_route=%2Fwp%2Fv2%2Ftags&post=5889"}],"curies":[{"name":"wp","href":"https:\/\/api.w.org\/{rel}","templated":true}]}}