{"id":5909,"date":"2014-11-19T08:40:20","date_gmt":"2014-11-19T11:40:20","guid":{"rendered":"http:\/\/ipv.salta.gov.ar\/?p=5909"},"modified":"2014-11-19T08:40:36","modified_gmt":"2014-11-19T11:40:36","slug":"las-trabajadoras-de-casas-particulares-accederan-a-un-cupo-de-viviendas-del-ipv","status":"publish","type":"post","link":"http:\/\/ipv.salta.gov.ar\/?p=5909","title":{"rendered":"Los trabajadores de casas particulares acceder\u00e1n a un cupo de viviendas del IPV"},"content":{"rendered":"<p class=\"texto-descripciones2texto-col-222justificado\" style=\"text-align: justify; margin: 0cm 0cm 7.5pt 0cm;\"><strong><span style=\"font-size: 9.5pt; font-family: Helvetica;\"><a href=\"http:\/\/ipv.salta.gov.ar\/wp-content\/uploads\/2014\/11\/18-11-web-empleadas-casa-particulares.jpg\"><img decoding=\"async\" loading=\"lazy\" class=\"alignnone size-medium wp-image-5908\" src=\"http:\/\/ipv.salta.gov.ar\/wp-content\/uploads\/2014\/11\/18-11-web-empleadas-casa-particulares-300x193.jpg\" alt=\"18-11-web-empleadas-casa-particulares\" width=\"300\" height=\"193\" srcset=\"http:\/\/ipv.salta.gov.ar\/wp-content\/uploads\/2014\/11\/18-11-web-empleadas-casa-particulares-300x193.jpg 300w, http:\/\/ipv.salta.gov.ar\/wp-content\/uploads\/2014\/11\/18-11-web-empleadas-casa-particulares.jpg 560w\" sizes=\"(max-width: 300px) 100vw, 300px\" \/><\/a><\/span><\/strong><\/p>\n<p class=\"texto-descripciones2texto-col-222justificado\" style=\"text-align: justify; margin: 0cm 0cm 7.5pt 0cm;\"><strong><span style=\"font-size: 9.5pt; font-family: Helvetica;\">Ser\u00e1 a partir de un convenio que se firmar\u00e1 a las 10, entre el ministro de Trabajo Eduardo Costello y el interventor del IPV Mat\u00edas Posadas.<\/span><\/strong><\/p>\n<p class=\"texto-descripciones2texto-col-222justificado\" style=\"text-align: justify; margin: 0cm 0cm 7.5pt 0cm;\"><!--more--><\/p>\n<p style=\"text-align: justify; margin: 0cm 0cm 7.5pt 0cm;\"><span style=\"font-size: 10.5pt; font-family: Helvetica; color: #333333;\">Los trabajadores de casas particulares podr\u00e1n acceder a la vivienda propia, a partir de un cupo especial que el Instituto de la Vivienda asignar\u00e1 para este sector.<\/span><\/p>\n<p style=\"text-align: justify; background-position: initial initial; background-repeat: initial initial; margin: 0cm 0cm 7.5pt 0cm;\"><span style=\"font-size: 10.5pt; font-family: Helvetica; color: #333333;\">La formalizaci\u00f3n de este acuerdo se realizar\u00e1 hoy\u00a0a las 10 en la sede de la cartera laboral (Avenida Belgrano 2063), entre el ministro de Trabajo Eduardo Costello y el interventor del Instituto Provincial de la Vivienda, Mat\u00edas Posadas.<\/span><\/p>\n<p style=\"text-align: justify; background-position: initial initial; background-repeat: initial initial; margin: 0cm 0cm 7.5pt 0cm;\"><span style=\"font-size: 10.5pt; font-family: Helvetica; color: #333333;\">Para acceder a este plan especial, las trabajadoras deber\u00e1n estar registradas y contar con sus respectivas Libretas de Trabajo, tal como establece la Ley 26.844.<\/span><\/p>\n<p style=\"text-align: justify; background-position: initial initial; background-repeat: initial initial; margin: 0cm 0cm 7.5pt 0cm;\"><span style=\"font-size: 10.5pt; font-family: Helvetica; color: #333333;\">Esta normativa, que fue sancionada y promulgada el a\u00f1o pasado, establece que todos los empleados de casas particulares deben contar con una Libreta de Trabajo especificando datos tanto de los trabajadores como empleadores.<\/span><\/p>\n<p style=\"text-align: justify; background-position: initial initial; background-repeat: initial initial; margin: 0cm 0cm 7.5pt 0cm;\"><span style=\"font-size: 10.5pt; font-family: Helvetica; color: #333333;\">De esta manera no solo se incentiva la registraci\u00f3n, sino que adem\u00e1s permite a los trabajadores acceder a los todos los derechos y beneficios que les corresponden.<\/span><\/p>\n<p style=\"text-align: justify; background-position: initial initial; background-repeat: initial initial; margin: 0cm 0cm 7.5pt 0cm;\"><span style=\"font-size: 10.5pt; font-family: Helvetica; color: #333333;\">Los detalles y especificaciones de c\u00f3mo acceder al nuevo plan del IPV se brindar\u00e1n ma\u00f1ana.<\/span><\/p>\n","protected":false},"excerpt":{"rendered":"<p>Ser\u00e1 a partir de un convenio que se firmar\u00e1 a las 10, entre el ministro de Trabajo Eduardo Costello y el interventor del IPV Mat\u00edas Posadas.<\/p>\n","protected":false},"author":3,"featured_media":5908,"comment_status":"closed","ping_status":"open","sticky":false,"template":"","format":"standard","meta":{"footnotes":""},"categories":[4,49],"tags":[],"_links":{"self":[{"href":"http:\/\/ipv.salta.gov.ar\/index.php?rest_route=\/wp\/v2\/posts\/5909"}],"collection":[{"href":"http:\/\/ipv.salta.gov.ar\/index.php?rest_route=\/wp\/v2\/posts"}],"about":[{"href":"http:\/\/ipv.salta.gov.ar\/index.php?rest_route=\/wp\/v2\/types\/post"}],"author":[{"embeddable":true,"href":"http:\/\/ipv.salta.gov.ar\/index.php?rest_route=\/wp\/v2\/users\/3"}],"replies":[{"embeddable":true,"href":"http:\/\/ipv.salta.gov.ar\/index.php?rest_route=%2Fwp%2Fv2%2Fcomments&post=5909"}],"version-history":[{"count":3,"href":"http:\/\/ipv.salta.gov.ar\/index.php?rest_route=\/wp\/v2\/posts\/5909\/revisions"}],"predecessor-version":[{"id":5917,"href":"http:\/\/ipv.salta.gov.ar\/index.php?rest_route=\/wp\/v2\/posts\/5909\/revisions\/5917"}],"wp:featuredmedia":[{"embeddable":true,"href":"http:\/\/ipv.salta.gov.ar\/index.php?rest_route=\/wp\/v2\/media\/5908"}],"wp:attachment":[{"href":"http:\/\/ipv.salta.gov.ar\/index.php?rest_route=%2Fwp%2Fv2%2Fmedia&parent=5909"}],"wp:term":[{"taxonomy":"category","embeddable":true,"href":"http:\/\/ipv.salta.gov.ar\/index.php?rest_route=%2Fwp%2Fv2%2Fcategories&post=5909"},{"taxonomy":"post_tag","embeddable":true,"href":"http:\/\/ipv.salta.gov.ar\/index.php?rest_route=%2Fwp%2Fv2%2Ftags&post=5909"}],"curies":[{"name":"wp","href":"https:\/\/api.w.org\/{rel}","templated":true}]}}