{"id":5919,"date":"2014-11-19T12:38:16","date_gmt":"2014-11-19T15:38:16","guid":{"rendered":"http:\/\/ipv.salta.gov.ar\/?p=5919"},"modified":"2014-11-19T12:38:16","modified_gmt":"2014-11-19T15:38:16","slug":"empleados-de-casas-particulares-por-primera-vez-incluidos-en-cupos-del-ipv","status":"publish","type":"post","link":"http:\/\/ipv.salta.gov.ar\/?p=5919","title":{"rendered":"Empleados de casas particulares por primera vez incluidos en cupos del IPV"},"content":{"rendered":"<p class=\"texto-descripciones2texto-col-222justificado\" style=\"text-align: justify; margin: 0cm 0cm 7.5pt 0cm;\"><strong><span style=\"font-size: 9.5pt; font-family: Helvetica;\"><a href=\"http:\/\/ipv.salta.gov.ar\/wp-content\/uploads\/2014\/11\/IPV-Trabajo-viviendas-empleados-casas-particulares.jpg\"><img decoding=\"async\" loading=\"lazy\" class=\"alignnone size-medium wp-image-5918\" src=\"http:\/\/ipv.salta.gov.ar\/wp-content\/uploads\/2014\/11\/IPV-Trabajo-viviendas-empleados-casas-particulares-300x199.jpg\" alt=\"IPV-Trabajo viviendas empleados casas particulares\" width=\"300\" height=\"199\" srcset=\"http:\/\/ipv.salta.gov.ar\/wp-content\/uploads\/2014\/11\/IPV-Trabajo-viviendas-empleados-casas-particulares-300x199.jpg 300w, http:\/\/ipv.salta.gov.ar\/wp-content\/uploads\/2014\/11\/IPV-Trabajo-viviendas-empleados-casas-particulares-600x398.jpg 600w, http:\/\/ipv.salta.gov.ar\/wp-content\/uploads\/2014\/11\/IPV-Trabajo-viviendas-empleados-casas-particulares.jpg 640w\" sizes=\"(max-width: 300px) 100vw, 300px\" \/><\/a><\/span><\/strong><\/p>\n<p class=\"texto-descripciones2texto-col-222justificado\" style=\"text-align: justify; margin: 0cm 0cm 7.5pt 0cm;\"><strong><span style=\"font-size: 9.5pt; font-family: Helvetica;\">El Ministerio de Trabajo y el IPV posibilitaron que este colectivo de trabajadores accedan a soluciones habitacionales. Deber\u00e1n acreditar su registraci\u00f3n de 6 meses como m\u00ednimo para participar de los sorteos previstos para los primeros meses del 2015.<\/span><\/strong><\/p>\n<p class=\"texto-descripciones2texto-col-222justificado\" style=\"text-align: justify; margin: 0cm 0cm 7.5pt 0cm;\"><!--more--><\/p>\n<p style=\"text-align: justify;\">A partir de un Acta Intenci\u00f3n que firmaron el ministro de Trabajo, Eduardo Costello, y el interventor del Instituto Provincial de la Vivienda Mat\u00edas Posadas, los empleados de casas particulares podr\u00e1n acceder por primera vez en Salta a un cupo que espec\u00edficamente se destinar\u00e1 para este universo de trabajadores.<\/p>\n<p style=\"text-align: justify;\">Con el acuerdo, el Ministerio proporcionar\u00e1 al IPV una n\u00f3mina de los trabajadores registrados que est\u00e1n en condiciones de inscribirse para participar de los sorteos, que en un principio se realizar\u00edan en los meses de febrero y marzo del pr\u00f3ximo a\u00f1o.<\/p>\n<p>Esta tarea implica realizar un cruce de datos entre la informaci\u00f3n existente en el \u00e1rea pertinente de la Secretar\u00eda de Trabajo y los registros de la AFIP.<\/p>\n<p style=\"text-align: justify;\">Costello explic\u00f3 que se debe acreditar un m\u00ednimo de 6 meses de los aportes y la consecuente registraci\u00f3n a partir del formulario N\u00b0102 de la AFIP.<\/p>\n<p style=\"text-align: justify;\">Por su parte, el interventor del IPV dijo que en un principio se otorgar\u00e1 un cupo de 50 soluciones habitacionales en Capital, cuyas localizaciones se definir\u00e1n tras resolverse las ofertas de las licitaciones actualmente en marcha.<\/p>\n<p style=\"text-align: justify;\">Seg\u00fan las previsiones del IPV este cupo inicial se incrementar\u00e1 progresivamente para llegar a 100 en la primera etapa.<\/p>\n<p style=\"text-align: justify;\">Costello destac\u00f3 que uno de los sectores m\u00e1s flexibilizados del \u00e1rea de trabajadores es el universo de los empleados de casas particulares, y por ello corresponde arbitrar las herramientas necesarias para darles respuestas habitacionales a la par de seguir profundizando la conciencia en la importancia de la debida registraci\u00f3n.<\/p>\n<p style=\"text-align: justify;\">En tanto, Posadas dijo que el IPV es \u201cconsciente de la necesidad de lograr la inclusi\u00f3n social a trav\u00e9s de una de las herramientas m\u00e1s efectivas y concretas como es facilitar el acceso a una vivienda digna\u201d.\u00a0 En este caso se benefician los trabajadores de casas particulares.<\/p>\n<p>De la firma del Acta particip\u00f3 la responsable del \u00e1rea social de IPV, Alicia Galli.\n<\/p>\n<p>&nbsp;<\/p>\n","protected":false},"excerpt":{"rendered":"<p>El Ministerio de Trabajo y el IPV posibilitaron que este colectivo de trabajadores accedan a soluciones habitacionales. Deber\u00e1n acreditar su registraci\u00f3n de 6 meses como m\u00ednimo para participar de los sorteos previstos para los primeros meses del 2015.<\/p>\n","protected":false},"author":3,"featured_media":5918,"comment_status":"closed","ping_status":"open","sticky":false,"template":"","format":"standard","meta":{"footnotes":""},"categories":[4],"tags":[],"_links":{"self":[{"href":"http:\/\/ipv.salta.gov.ar\/index.php?rest_route=\/wp\/v2\/posts\/5919"}],"collection":[{"href":"http:\/\/ipv.salta.gov.ar\/index.php?rest_route=\/wp\/v2\/posts"}],"about":[{"href":"http:\/\/ipv.salta.gov.ar\/index.php?rest_route=\/wp\/v2\/types\/post"}],"author":[{"embeddable":true,"href":"http:\/\/ipv.salta.gov.ar\/index.php?rest_route=\/wp\/v2\/users\/3"}],"replies":[{"embeddable":true,"href":"http:\/\/ipv.salta.gov.ar\/index.php?rest_route=%2Fwp%2Fv2%2Fcomments&post=5919"}],"version-history":[{"count":1,"href":"http:\/\/ipv.salta.gov.ar\/index.php?rest_route=\/wp\/v2\/posts\/5919\/revisions"}],"predecessor-version":[{"id":5920,"href":"http:\/\/ipv.salta.gov.ar\/index.php?rest_route=\/wp\/v2\/posts\/5919\/revisions\/5920"}],"wp:featuredmedia":[{"embeddable":true,"href":"http:\/\/ipv.salta.gov.ar\/index.php?rest_route=\/wp\/v2\/media\/5918"}],"wp:attachment":[{"href":"http:\/\/ipv.salta.gov.ar\/index.php?rest_route=%2Fwp%2Fv2%2Fmedia&parent=5919"}],"wp:term":[{"taxonomy":"category","embeddable":true,"href":"http:\/\/ipv.salta.gov.ar\/index.php?rest_route=%2Fwp%2Fv2%2Fcategories&post=5919"},{"taxonomy":"post_tag","embeddable":true,"href":"http:\/\/ipv.salta.gov.ar\/index.php?rest_route=%2Fwp%2Fv2%2Ftags&post=5919"}],"curies":[{"name":"wp","href":"https:\/\/api.w.org\/{rel}","templated":true}]}}