{"id":5922,"date":"2014-11-20T08:01:07","date_gmt":"2014-11-20T11:01:07","guid":{"rendered":"http:\/\/ipv.salta.gov.ar\/?p=5922"},"modified":"2014-11-20T08:01:07","modified_gmt":"2014-11-20T11:01:07","slug":"el-ipv-invertira-casi-400-millones-en-el-plan-municipal-de-viviendas-que-llegara-a-3-500-familias","status":"publish","type":"post","link":"http:\/\/ipv.salta.gov.ar\/?p=5922","title":{"rendered":"El IPV invertir\u00e1 casi $400 millones en el Plan Municipal de Viviendas que llegar\u00e1 a 3.500 familias"},"content":{"rendered":"<p class=\"texto-descripciones2texto-col-222justificado\" style=\"text-align: justify; margin: 0cm 0cm 7.5pt 0cm;\"><strong><span style=\"font-size: 9.5pt; font-family: Helvetica;\"><a href=\"http:\/\/ipv.salta.gov.ar\/wp-content\/uploads\/2014\/11\/19-11-web-posadas-presentacion-plan-vivendas2.jpg\"><img decoding=\"async\" loading=\"lazy\" class=\"alignnone size-medium wp-image-5921\" src=\"http:\/\/ipv.salta.gov.ar\/wp-content\/uploads\/2014\/11\/19-11-web-posadas-presentacion-plan-vivendas2-300x193.jpg\" alt=\"19-11-web-posadas-presentacion-plan-vivendas2\" width=\"300\" height=\"193\" srcset=\"http:\/\/ipv.salta.gov.ar\/wp-content\/uploads\/2014\/11\/19-11-web-posadas-presentacion-plan-vivendas2-300x193.jpg 300w, http:\/\/ipv.salta.gov.ar\/wp-content\/uploads\/2014\/11\/19-11-web-posadas-presentacion-plan-vivendas2.jpg 560w\" sizes=\"(max-width: 300px) 100vw, 300px\" \/><\/a><\/span><\/strong><\/p>\n<p class=\"texto-descripciones2texto-col-222justificado\" style=\"text-align: justify; margin: 0cm 0cm 7.5pt 0cm;\"><strong><span style=\"font-size: 9.5pt; font-family: Helvetica;\">El Plan Municipal de Viviendas y Soluciones Habitacionales se conforma a partir del trabajo mancomunado entre el organismo provincial y el Foro de Intendentes de la Provincia. Permitir\u00e1 brindar soluciones a 3500 familias. El acuerdo para poner en marcha el Plan fue firmado por Interventor del IPV, Mat\u00edas Posadas y el presidente del Foro, Sergio Ramos.<\/span><\/strong><\/p>\n<p class=\"texto-descripciones2texto-col-222justificado\" style=\"text-align: justify; margin: 0cm 0cm 7.5pt 0cm;\"><!--more--><\/p>\n<p style=\"text-align: justify; margin: 0cm 0cm 7.5pt 0cm;\"><span style=\"font-size: 10.5pt; font-family: Helvetica; color: #333333;\">\u00a0Este mi\u00e9rcoles se present\u00f3 el Plan Municipal de Viviendas, que se puso en marcha con un acuerdo firmado por el interventor del Instituto Provincial de Vivienda, Mat\u00edas Posadas y el presidente del Foro de Intendentes de Salta, Sergio Ramos. En adelante se firmar\u00e1n conveniones particulares con los municipios.<\/span><\/p>\n<p style=\"text-align: justify; background-position: initial initial; background-repeat: initial initial; margin: 0cm 0cm 7.5pt 0cm;\"><span style=\"font-size: 10.5pt; font-family: Helvetica; color: #333333;\">\u00a0El Plan beneficiar\u00e1 a casi 3500 familias, para lo cual se destinar\u00e1n casi $400 millones de inversi\u00f3n de fondos provinciales y se generar\u00e1n cientos de puestos de trabajo en cada localidad salte\u00f1a donde se destinen partidas.<\/span><\/p>\n<p style=\"text-align: justify; background-position: initial initial; background-repeat: initial initial; margin: 0cm 0cm 7.5pt 0cm;\"><span style=\"font-size: 10.5pt; font-family: Helvetica; color: #333333;\">\u00a0El interventor del IPV Mat\u00edas Posadas aclar\u00f3 que la nueva inversi\u00f3n es independiente de los planes federales recientemente anunciados y que los $391.800.000 se distribuir\u00e1n entre 491 casas, 1.291 planes de recuperaciones de viviendas (mejoras y ampliaciones) y 1787 n\u00facleos h\u00famedos (construcci\u00f3n de ba\u00f1os).<\/span><\/p>\n<p style=\"text-align: justify; background-position: initial initial; background-repeat: initial initial; margin: 0cm 0cm 7.5pt 0cm;\"><span style=\"font-size: 10.5pt; font-family: Helvetica; color: #333333;\">\u201cEl IPV viene trabajando con muchos municipios, pero por decisi\u00f3n del gobernador Juan Manuel Urtubey se profundizar\u00e1 la inversi\u00f3n en el interior, con una clara pol\u00edtica de inclusi\u00f3n\u201d, enfatiz\u00f3 Posadas.<\/span><\/p>\n<p style=\"text-align: justify; background-position: initial initial; background-repeat: initial initial; margin: 0cm 0cm 7.5pt 0cm;\"><span style=\"font-size: 10.5pt; font-family: Helvetica; color: #333333;\">El IPV proveer\u00e1 la asistencia financiera y control t\u00e9cnico y las viviendas ser\u00e1n ejecutadas por los municipios, que ser\u00e1n responsables de la obra y ejecuci\u00f3n.<\/span><\/p>\n<p style=\"text-align: justify; background-position: initial initial; background-repeat: initial initial; margin: 0cm 0cm 7.5pt 0cm;\"><span style=\"font-size: 10.5pt; font-family: Helvetica; color: #333333;\">El presidente del Foro de Intendentes Sergio Ramos celebr\u00f3 la creaci\u00f3n del nuevo plan y dijo que la descentralizaci\u00f3n \u201cno solamente es administrativa, sino que permite generar mano de obra local y ventas en corralones del interior, lo que significa igualdad de oportunidades para los que menos tienen\u201d.<\/span><\/p>\n<p style=\"text-align: justify; background-position: initial initial; background-repeat: initial initial; margin: 0cm 0cm 7.5pt 0cm;\"><span style=\"font-size: 10.5pt; font-family: Helvetica; color: #333333;\">\u201cSomos conscientes de la necesidad de lograr la inclusi\u00f3n social, a trav\u00e9s de una de las herramientas m\u00e1s efectivas y concretas que es la de facilitar el acceso a una vivienda digna. Es la base indiscutible para el fortalecimiento de la familia como c\u00e9lula b\u00e1sica de toda sociedad organizada\u201d, afirm\u00f3 el interventor del IPV, Mat\u00edas Posadas.<\/span><\/p>\n<p style=\"text-align: justify; background-position: initial initial; background-repeat: initial initial; margin: 0cm 0cm 7.5pt 0cm;\"><span style=\"font-size: 10.5pt; font-family: Helvetica; color: #333333;\">\u201cVamos a atender a la poblaci\u00f3n de menores recursos y que por sus ingresos no pueden acceder a los programas tradicionales y a ofrecer soluciones habitacionales alternativas, acordes a las necesidades de los demandantes\u201d, afirm\u00f3 el funcionario.<\/span><\/p>\n","protected":false},"excerpt":{"rendered":"<p>El Plan Municipal de Viviendas y Soluciones Habitacionales se conforma a partir del trabajo mancomunado entre el organismo provincial y el Foro de Intendentes de la Provincia. Permitir\u00e1 brindar soluciones a 3500 familias. El acuerdo para poner en marcha el Plan fue firmado por Interventor del IPV, Mat\u00edas Posadas y el presidente del Foro, Sergio [&hellip;]<\/p>\n","protected":false},"author":3,"featured_media":5921,"comment_status":"closed","ping_status":"open","sticky":false,"template":"","format":"standard","meta":{"footnotes":""},"categories":[4,49],"tags":[],"_links":{"self":[{"href":"http:\/\/ipv.salta.gov.ar\/index.php?rest_route=\/wp\/v2\/posts\/5922"}],"collection":[{"href":"http:\/\/ipv.salta.gov.ar\/index.php?rest_route=\/wp\/v2\/posts"}],"about":[{"href":"http:\/\/ipv.salta.gov.ar\/index.php?rest_route=\/wp\/v2\/types\/post"}],"author":[{"embeddable":true,"href":"http:\/\/ipv.salta.gov.ar\/index.php?rest_route=\/wp\/v2\/users\/3"}],"replies":[{"embeddable":true,"href":"http:\/\/ipv.salta.gov.ar\/index.php?rest_route=%2Fwp%2Fv2%2Fcomments&post=5922"}],"version-history":[{"count":1,"href":"http:\/\/ipv.salta.gov.ar\/index.php?rest_route=\/wp\/v2\/posts\/5922\/revisions"}],"predecessor-version":[{"id":5923,"href":"http:\/\/ipv.salta.gov.ar\/index.php?rest_route=\/wp\/v2\/posts\/5922\/revisions\/5923"}],"wp:featuredmedia":[{"embeddable":true,"href":"http:\/\/ipv.salta.gov.ar\/index.php?rest_route=\/wp\/v2\/media\/5921"}],"wp:attachment":[{"href":"http:\/\/ipv.salta.gov.ar\/index.php?rest_route=%2Fwp%2Fv2%2Fmedia&parent=5922"}],"wp:term":[{"taxonomy":"category","embeddable":true,"href":"http:\/\/ipv.salta.gov.ar\/index.php?rest_route=%2Fwp%2Fv2%2Fcategories&post=5922"},{"taxonomy":"post_tag","embeddable":true,"href":"http:\/\/ipv.salta.gov.ar\/index.php?rest_route=%2Fwp%2Fv2%2Ftags&post=5922"}],"curies":[{"name":"wp","href":"https:\/\/api.w.org\/{rel}","templated":true}]}}