{"id":5928,"date":"2014-11-20T12:39:38","date_gmt":"2014-11-20T15:39:38","guid":{"rendered":"http:\/\/ipv.salta.gov.ar\/?p=5928"},"modified":"2014-11-20T12:39:38","modified_gmt":"2014-11-20T15:39:38","slug":"por-conmemorarse-el-dia-de-la-construccion-el-ipv-manana-no-abrira-sus-puertas","status":"publish","type":"post","link":"http:\/\/ipv.salta.gov.ar\/?p=5928","title":{"rendered":"Por conmemorarse el d\u00eda de la construcci\u00f3n, el IPV ma\u00f1ana no abrir\u00e1 sus puertas"},"content":{"rendered":"<p class=\"texto-descripciones2texto-col-222justificado\" style=\"text-align: justify; margin: 0cm 0cm 7.5pt 0cm;\"><strong><span style=\"font-size: 9.5pt; font-family: Helvetica;\"><a href=\"http:\/\/ipv.salta.gov.ar\/wp-content\/uploads\/2014\/09\/IPV-logo-2014_fondo-celeste.jpg\"><img decoding=\"async\" loading=\"lazy\" class=\"alignnone size-medium wp-image-5614\" src=\"http:\/\/ipv.salta.gov.ar\/wp-content\/uploads\/2014\/09\/IPV-logo-2014_fondo-celeste-300x212.jpg\" alt=\"IPV logo 2014_fondo celeste\" width=\"300\" height=\"212\" srcset=\"http:\/\/ipv.salta.gov.ar\/wp-content\/uploads\/2014\/09\/IPV-logo-2014_fondo-celeste-300x212.jpg 300w, http:\/\/ipv.salta.gov.ar\/wp-content\/uploads\/2014\/09\/IPV-logo-2014_fondo-celeste-600x425.jpg 600w, http:\/\/ipv.salta.gov.ar\/wp-content\/uploads\/2014\/09\/IPV-logo-2014_fondo-celeste.jpg 1748w\" sizes=\"(max-width: 300px) 100vw, 300px\" \/><\/a><\/span><\/strong><\/p>\n<p class=\"texto-descripciones2texto-col-222justificado\" style=\"text-align: justify; margin: 0cm 0cm 7.5pt 0cm;\"><strong><span style=\"font-size: 9.5pt; font-family: Helvetica;\">Las actividades se retomar\u00e1n con normalidad el pr\u00f3ximo martes 25, en las oficinas de Avda. Belgrano 1349 y en las sedes de Or\u00e1n y Tartagal.<\/span><\/strong><\/p>\n<p class=\"texto-descripciones2texto-col-222justificado\" style=\"text-align: justify; margin: 0cm 0cm 7.5pt 0cm;\"><!--more--><\/p>\n<p style=\"margin: 0cm; margin-bottom: .0001pt; text-align: justify;\"><span style=\"font-size: 10.5pt; font-family: Helvetica; color: #333333;\">El Instituto Provincial de Viviendas, ma\u00f1ana Viernes 21 de noviembre no abrir\u00e1 sus puertas al p\u00fablico por conmemorase, el d\u00eda de la Construcci\u00f3n.<\/span><\/p>\n<p style=\"text-align: justify; background-position: initial initial; background-repeat: initial initial; margin: 0cm 0cm 7.5pt 0cm;\"><span style=\"font-size: 10.5pt; font-family: Helvetica; color: #333333;\">Por medio de la Resoluci\u00f3n N\u00ba 884, se otorgar\u00e1 asueto al personal del organismo, considerando que el mismo a trav\u00e9s de la ejecuci\u00f3n de viviendas en toda la provincia, se encuentra \u00edntimamente vinculado con la industria de la construcci\u00f3n, por ello se otorga descanso a los agentes cada tercer viernes de noviembre del a\u00f1o en curso.<\/span><\/p>\n<p style=\"text-align: justify; background-position: initial initial; background-repeat: initial initial; margin: 0cm 0cm 7.5pt 0cm;\"><span style=\"font-size: 10.5pt; font-family: Helvetica; color: #333333;\">Las actividades se retomar\u00e1n con normalidad el pr\u00f3ximo martes 25, en las oficinas de Avda. Belgrano 1349 y en las sedes de Or\u00e1n y Tartagal.<\/span><\/p>\n","protected":false},"excerpt":{"rendered":"<p>Las actividades se retomar\u00e1n con normalidad el pr\u00f3ximo martes 25, en las oficinas de Avda. Belgrano 1349 y en las sedes de Or\u00e1n y Tartagal.<\/p>\n","protected":false},"author":3,"featured_media":5614,"comment_status":"closed","ping_status":"open","sticky":false,"template":"","format":"standard","meta":{"footnotes":""},"categories":[4,49],"tags":[],"_links":{"self":[{"href":"http:\/\/ipv.salta.gov.ar\/index.php?rest_route=\/wp\/v2\/posts\/5928"}],"collection":[{"href":"http:\/\/ipv.salta.gov.ar\/index.php?rest_route=\/wp\/v2\/posts"}],"about":[{"href":"http:\/\/ipv.salta.gov.ar\/index.php?rest_route=\/wp\/v2\/types\/post"}],"author":[{"embeddable":true,"href":"http:\/\/ipv.salta.gov.ar\/index.php?rest_route=\/wp\/v2\/users\/3"}],"replies":[{"embeddable":true,"href":"http:\/\/ipv.salta.gov.ar\/index.php?rest_route=%2Fwp%2Fv2%2Fcomments&post=5928"}],"version-history":[{"count":1,"href":"http:\/\/ipv.salta.gov.ar\/index.php?rest_route=\/wp\/v2\/posts\/5928\/revisions"}],"predecessor-version":[{"id":5929,"href":"http:\/\/ipv.salta.gov.ar\/index.php?rest_route=\/wp\/v2\/posts\/5928\/revisions\/5929"}],"wp:featuredmedia":[{"embeddable":true,"href":"http:\/\/ipv.salta.gov.ar\/index.php?rest_route=\/wp\/v2\/media\/5614"}],"wp:attachment":[{"href":"http:\/\/ipv.salta.gov.ar\/index.php?rest_route=%2Fwp%2Fv2%2Fmedia&parent=5928"}],"wp:term":[{"taxonomy":"category","embeddable":true,"href":"http:\/\/ipv.salta.gov.ar\/index.php?rest_route=%2Fwp%2Fv2%2Fcategories&post=5928"},{"taxonomy":"post_tag","embeddable":true,"href":"http:\/\/ipv.salta.gov.ar\/index.php?rest_route=%2Fwp%2Fv2%2Ftags&post=5928"}],"curies":[{"name":"wp","href":"https:\/\/api.w.org\/{rel}","templated":true}]}}