{"id":5931,"date":"2014-11-20T12:41:29","date_gmt":"2014-11-20T15:41:29","guid":{"rendered":"http:\/\/ipv.salta.gov.ar\/?p=5931"},"modified":"2014-11-20T12:41:29","modified_gmt":"2014-11-20T15:41:29","slug":"empleados-del-ipv-accederan-a-un-nuevo-regimen-laboral","status":"publish","type":"post","link":"http:\/\/ipv.salta.gov.ar\/?p=5931","title":{"rendered":"Empleados del IPV acceder\u00e1n a un nuevo r\u00e9gimen laboral"},"content":{"rendered":"<p class=\"texto-descripciones2texto-col-222justificado\" style=\"text-align: justify; margin: 0cm 0cm 7.5pt 0cm;\"><strong><span style=\"font-size: 9.5pt; font-family: Helvetica;\"><a href=\"http:\/\/ipv.salta.gov.ar\/wp-content\/uploads\/2014\/11\/10469036_659568644119873_2016107358121452706_n.jpg\"><img decoding=\"async\" loading=\"lazy\" class=\"alignnone size-medium wp-image-5930\" src=\"http:\/\/ipv.salta.gov.ar\/wp-content\/uploads\/2014\/11\/10469036_659568644119873_2016107358121452706_n-300x193.jpg\" alt=\"10469036_659568644119873_2016107358121452706_n\" width=\"300\" height=\"193\" srcset=\"http:\/\/ipv.salta.gov.ar\/wp-content\/uploads\/2014\/11\/10469036_659568644119873_2016107358121452706_n-300x193.jpg 300w, http:\/\/ipv.salta.gov.ar\/wp-content\/uploads\/2014\/11\/10469036_659568644119873_2016107358121452706_n.jpg 560w\" sizes=\"(max-width: 300px) 100vw, 300px\" \/><\/a><\/span><\/strong><\/p>\n<p class=\"texto-descripciones2texto-col-222justificado\" style=\"text-align: justify; margin: 0cm 0cm 7.5pt 0cm;\"><strong><span style=\"font-size: 9.5pt; font-family: Helvetica;\">El Gobernador Juan Manuel Urtubey y el interventor Mat\u00edas Posadas rubricar\u00e1n esta noche un decreto para la creaci\u00f3n de un nuevo r\u00e9gimen laboral y cuadro de cargos.<\/span><\/strong><\/p>\n<p class=\"texto-descripciones2texto-col-222justificado\" style=\"text-align: justify; margin: 0cm 0cm 7.5pt 0cm;\"><!--more--><\/p>\n<p style=\"margin: 0cm; margin-bottom: .0001pt; text-align: justify;\"><span style=\"font-size: 10.5pt; font-family: Helvetica; color: #333333;\">Hoy en la cena que se brindar\u00e1 para los empleados del Instituto Provincial de Vivienda, por conmemorarse el d\u00eda de la construcci\u00f3n, el Gobernador Juan Manuel Urtubey y el interventor Mat\u00edas Posadas rubricar\u00e1n un decreto para la creaci\u00f3n de un nuevo r\u00e9gimen laboral y cuadro de cargos.<\/span><\/p>\n<p style=\"text-align: justify; background-position: initial initial; background-repeat: initial initial; margin: 0cm 0cm 7.5pt 0cm;\"><span style=\"font-size: 10.5pt; font-family: Helvetica; color: #333333;\">El interventor del IPV, Mat\u00edas Posadas, se comprometi\u00f3 no s\u00f3lo a devolver la confianza y credibilidad en la adjudicaci\u00f3n de viviendas sino tambi\u00e9n a organizar y ordenar internamente la instituci\u00f3n.<\/span><\/p>\n<p style=\"text-align: justify; background-position: initial initial; background-repeat: initial initial; margin: 0cm 0cm 7.5pt 0cm;\"><span style=\"font-size: 10.5pt; font-family: Helvetica; color: #333333;\">Hoy la promesa se hizo realidad y en los festejos organizados por el D\u00eda de la Construcci\u00f3n, el interventor rubricar\u00e1 junto al Gobernador de la Provincia, Juan Manuel Urtubey, el decreto que dar\u00e1 inicio a un nuevo r\u00e9gimen laboral y cuadro de cargos para los trabajadores del IPV.<\/span><\/p>\n<p style=\"text-align: justify; background-position: initial initial; background-repeat: initial initial; margin: 0cm 0cm 7.5pt 0cm;\"><span style=\"font-size: 10.5pt; font-family: Helvetica; color: #333333;\">\u201cCon este nuevo r\u00e9gimen se lograr\u00e1 un fortalecimiento administrativo, m\u00e1s profesionalismo y m\u00e1s eficiencia en el trabajo, lo cual se ver\u00e1 reflejado en mas casas\u201d sentenci\u00f3 Posadas.<\/span><\/p>\n","protected":false},"excerpt":{"rendered":"<p>El Gobernador Juan Manuel Urtubey y el interventor Mat\u00edas Posadas rubricar\u00e1n esta noche un decreto para la creaci\u00f3n de un nuevo r\u00e9gimen laboral y cuadro de cargos.<\/p>\n","protected":false},"author":3,"featured_media":5930,"comment_status":"closed","ping_status":"open","sticky":false,"template":"","format":"standard","meta":{"footnotes":""},"categories":[4,49],"tags":[],"_links":{"self":[{"href":"http:\/\/ipv.salta.gov.ar\/index.php?rest_route=\/wp\/v2\/posts\/5931"}],"collection":[{"href":"http:\/\/ipv.salta.gov.ar\/index.php?rest_route=\/wp\/v2\/posts"}],"about":[{"href":"http:\/\/ipv.salta.gov.ar\/index.php?rest_route=\/wp\/v2\/types\/post"}],"author":[{"embeddable":true,"href":"http:\/\/ipv.salta.gov.ar\/index.php?rest_route=\/wp\/v2\/users\/3"}],"replies":[{"embeddable":true,"href":"http:\/\/ipv.salta.gov.ar\/index.php?rest_route=%2Fwp%2Fv2%2Fcomments&post=5931"}],"version-history":[{"count":1,"href":"http:\/\/ipv.salta.gov.ar\/index.php?rest_route=\/wp\/v2\/posts\/5931\/revisions"}],"predecessor-version":[{"id":5932,"href":"http:\/\/ipv.salta.gov.ar\/index.php?rest_route=\/wp\/v2\/posts\/5931\/revisions\/5932"}],"wp:featuredmedia":[{"embeddable":true,"href":"http:\/\/ipv.salta.gov.ar\/index.php?rest_route=\/wp\/v2\/media\/5930"}],"wp:attachment":[{"href":"http:\/\/ipv.salta.gov.ar\/index.php?rest_route=%2Fwp%2Fv2%2Fmedia&parent=5931"}],"wp:term":[{"taxonomy":"category","embeddable":true,"href":"http:\/\/ipv.salta.gov.ar\/index.php?rest_route=%2Fwp%2Fv2%2Fcategories&post=5931"},{"taxonomy":"post_tag","embeddable":true,"href":"http:\/\/ipv.salta.gov.ar\/index.php?rest_route=%2Fwp%2Fv2%2Ftags&post=5931"}],"curies":[{"name":"wp","href":"https:\/\/api.w.org\/{rel}","templated":true}]}}