{"id":5934,"date":"2014-11-21T10:24:15","date_gmt":"2014-11-21T13:24:15","guid":{"rendered":"http:\/\/ipv.salta.gov.ar\/?p=5934"},"modified":"2014-11-25T11:25:52","modified_gmt":"2014-11-25T14:25:52","slug":"la-provincia-reconoce-al-personal-del-ipv-con-un-nuevo-regimen-de-empleo-para-seguir-con-record-de-viviendas","status":"publish","type":"post","link":"http:\/\/ipv.salta.gov.ar\/?p=5934","title":{"rendered":"La Provincia reconoce al personal del IPV con un nuevo r\u00e9gimen de empleo para seguir con r\u00e9cord de viviendas"},"content":{"rendered":"<p class=\"texto-descripciones2texto-col-222justificado\" style=\"text-align: justify; margin: 0cm 0cm 7.5pt 0cm;\"><strong><span style=\"font-size: 9.5pt; font-family: Helvetica;\"><a href=\"http:\/\/ipv.salta.gov.ar\/wp-content\/uploads\/2014\/11\/21-11-web-gob-cena-instituto-provincial-vivienda1.jpg\"><img decoding=\"async\" loading=\"lazy\" class=\"alignnone size-medium wp-image-5933\" src=\"http:\/\/ipv.salta.gov.ar\/wp-content\/uploads\/2014\/11\/21-11-web-gob-cena-instituto-provincial-vivienda1-300x193.jpg\" alt=\"21-11-web-gob-cena-instituto-provincial-vivienda1\" width=\"300\" height=\"193\" srcset=\"http:\/\/ipv.salta.gov.ar\/wp-content\/uploads\/2014\/11\/21-11-web-gob-cena-instituto-provincial-vivienda1-300x193.jpg 300w, http:\/\/ipv.salta.gov.ar\/wp-content\/uploads\/2014\/11\/21-11-web-gob-cena-instituto-provincial-vivienda1.jpg 560w\" sizes=\"(max-width: 300px) 100vw, 300px\" \/><\/a><\/span><\/strong><\/p>\n<p class=\"texto-descripciones2texto-col-222justificado\" style=\"text-align: justify; margin: 0cm 0cm 7.5pt 0cm;\"><strong><span style=\"font-size: 9.5pt; font-family: Helvetica;\">El gobernador Juan Manuel Urtubey en la cena anual del organismo por el D\u00eda de la Construcci\u00f3n lleg\u00f3 con anuncios importantes. Adem\u00e1s de firmar el decreto que oficializa el r\u00e9gimen de empleo que regir\u00e1 con nuevo cuadro de cargo y estructura, anunci\u00f3 que ser\u00e1 prorrogado el proceso de intervenci\u00f3n, a cargo de Mat\u00edas Posadas. Se espera incrementar el r\u00e9cord de viviendas en 2015.<\/span><\/strong><\/p>\n<p class=\"texto-descripciones2texto-col-222justificado\" style=\"text-align: justify; margin: 0cm 0cm 7.5pt 0cm;\"><!--more--><\/p>\n<p style=\"margin: 0cm; margin-bottom: .0001pt; text-align: justify;\"><span style=\"font-size: 10.5pt; font-family: Helvetica; color: #333333;\">La Provincia<\/span><span style=\"font-size: 10.5pt; font-family: Helvetica; color: #333333;\"> ratific\u00f3 anoche la pol\u00edtica habitacional, como uno de los puntos centrales de las acciones de gobierno, pero en este caso con la potenciaci\u00f3n de los procesos internos del Instituto Provincial de la Vivienda (IPV). El gobernador Juan Manuel Urtubey en la cena anual del organismo por el D\u00eda de la Construcci\u00f3n lleg\u00f3 con anuncios importantes para el personal.<\/p>\n<p>Por un lado, firm\u00f3 el decreto N\u00b03493 del Ministerio de Econom\u00eda, Infraestructura y Servicios P\u00fablicos que aprueba el r\u00e9gimen especial de empleo que regir\u00e1 para el personal del organismo, con nuevo cuadro de cargo y estructura.<\/p>\n<p>Adem\u00e1s de ser un reconocimiento a trabajadores del organismo, \u201ccon este nuevo r\u00e9gimen se lograr\u00e1 un fortalecimiento administrativo, m\u00e1s profesionalismo y eficiencia en el trabajo, que se ver\u00e1 reflejado en mejores procesos de construcci\u00f3n de viviendas\u201d, dijo el interventor del IPV, Mat\u00edas Posadas.<\/p>\n<p>El Gobernador destac\u00f3 el desempe\u00f1o y compromiso del responsable del organismo de vivienda y anunci\u00f3 al personal que firmar\u00e1 la pr\u00f3rroga del proceso de intervenci\u00f3n que continuar\u00e1 a cargo del mismo interventor. \u201cMat\u00edas Posadas ha tenido en estos meses un gran desempe\u00f1o\u201d, asegur\u00f3.<\/p>\n<p>Urtubey destac\u00f3 que este a\u00f1o se consolid\u00f3 una construcci\u00f3n r\u00e9cord de viviendas y vaticin\u00f3 un crecimiento de los niveles de edificaci\u00f3n en 2015, con m\u00e1s familias salte\u00f1as con un hogar. Dijo que para esto adem\u00e1s de una decisi\u00f3n pol\u00edtica y destinar fondos, es necesario el compromiso y profesionalismo del personal. \u201cLo digo hasta el hartazgo, lo repito siempre: estamos para servir, nada m\u00e1s que para eso. Hay que tener algo adentro que te diga para qu\u00e9 estas en cada lugar\u201d.<\/span><\/p>\n<p style=\"margin: 0cm; margin-bottom: .0001pt; text-align: justify; background-position: initial initial; background-repeat: initial initial;\"><span style=\"font-size: 10.5pt; font-family: Helvetica; color: #333333;\">Trece mil ochocientas casas \u00a0y ocho mil ochocientas soluciones habitacionales construidas desde 2007 es r\u00e9cord en materia de viviendas y un dato inobjetable del cambio de paradigma de la obra p\u00fablica. El Gobernador reconoci\u00f3 el aporte del Gobierno nacional \u00a0a trav\u00e9s de una decisi\u00f3n pol\u00edtica de la presidenta Cristina Fern\u00e1ndez.<\/p>\n<p>En la comida se proyect\u00f3 un video institucional con emotivos testimonios de adjudicatarios de viviendas que refleja el impacto del trabajo que realizan diariamente los trabajadores del IPV.<\/span><\/p>\n","protected":false},"excerpt":{"rendered":"<p>El gobernador Juan Manuel Urtubey en la cena anual del organismo por el D\u00eda de la Construcci\u00f3n lleg\u00f3 con anuncios importantes. Adem\u00e1s de firmar el decreto que oficializa el r\u00e9gimen de empleo que regir\u00e1 con nuevo cuadro de cargo y estructura, anunci\u00f3 que ser\u00e1 prorrogado el proceso de intervenci\u00f3n, a cargo de Mat\u00edas Posadas. Se [&hellip;]<\/p>\n","protected":false},"author":3,"featured_media":5933,"comment_status":"closed","ping_status":"open","sticky":false,"template":"","format":"standard","meta":{"footnotes":""},"categories":[4,49],"tags":[],"_links":{"self":[{"href":"http:\/\/ipv.salta.gov.ar\/index.php?rest_route=\/wp\/v2\/posts\/5934"}],"collection":[{"href":"http:\/\/ipv.salta.gov.ar\/index.php?rest_route=\/wp\/v2\/posts"}],"about":[{"href":"http:\/\/ipv.salta.gov.ar\/index.php?rest_route=\/wp\/v2\/types\/post"}],"author":[{"embeddable":true,"href":"http:\/\/ipv.salta.gov.ar\/index.php?rest_route=\/wp\/v2\/users\/3"}],"replies":[{"embeddable":true,"href":"http:\/\/ipv.salta.gov.ar\/index.php?rest_route=%2Fwp%2Fv2%2Fcomments&post=5934"}],"version-history":[{"count":1,"href":"http:\/\/ipv.salta.gov.ar\/index.php?rest_route=\/wp\/v2\/posts\/5934\/revisions"}],"predecessor-version":[{"id":5935,"href":"http:\/\/ipv.salta.gov.ar\/index.php?rest_route=\/wp\/v2\/posts\/5934\/revisions\/5935"}],"wp:featuredmedia":[{"embeddable":true,"href":"http:\/\/ipv.salta.gov.ar\/index.php?rest_route=\/wp\/v2\/media\/5933"}],"wp:attachment":[{"href":"http:\/\/ipv.salta.gov.ar\/index.php?rest_route=%2Fwp%2Fv2%2Fmedia&parent=5934"}],"wp:term":[{"taxonomy":"category","embeddable":true,"href":"http:\/\/ipv.salta.gov.ar\/index.php?rest_route=%2Fwp%2Fv2%2Fcategories&post=5934"},{"taxonomy":"post_tag","embeddable":true,"href":"http:\/\/ipv.salta.gov.ar\/index.php?rest_route=%2Fwp%2Fv2%2Ftags&post=5934"}],"curies":[{"name":"wp","href":"https:\/\/api.w.org\/{rel}","templated":true}]}}