{"id":5937,"date":"2014-11-25T11:27:47","date_gmt":"2014-11-25T14:27:47","guid":{"rendered":"http:\/\/ipv.salta.gov.ar\/?p=5937"},"modified":"2014-11-25T11:27:47","modified_gmt":"2014-11-25T14:27:47","slug":"el-ipv-supervisara-la-obra-del-refugio-para-mujeres-victimas-de-violencia","status":"publish","type":"post","link":"http:\/\/ipv.salta.gov.ar\/?p=5937","title":{"rendered":"El IPV supervisar\u00e1 la obra del refugio para mujeres v\u00edctimas de violencia"},"content":{"rendered":"<p class=\"texto-descripciones2texto-col-222justificado\" style=\"text-align: justify; margin: 0cm 0cm 7.5pt 0cm;\"><strong><span style=\"font-size: 9.5pt; font-family: Helvetica;\"><a href=\"http:\/\/ipv.salta.gov.ar\/wp-content\/uploads\/2014\/11\/11112014-REUNI\u00d3N-CON-INTERVENTOR-DEL-IPV-02.jpg\"><img decoding=\"async\" loading=\"lazy\" class=\"alignnone size-medium wp-image-5936\" src=\"http:\/\/ipv.salta.gov.ar\/wp-content\/uploads\/2014\/11\/11112014-REUNI\u00d3N-CON-INTERVENTOR-DEL-IPV-02-300x198.jpg\" alt=\"11112014 REUNI\u00d3N CON INTERVENTOR DEL IPV 02\" width=\"300\" height=\"198\" srcset=\"http:\/\/ipv.salta.gov.ar\/wp-content\/uploads\/2014\/11\/11112014-REUNI\u00d3N-CON-INTERVENTOR-DEL-IPV-02-300x198.jpg 300w, http:\/\/ipv.salta.gov.ar\/wp-content\/uploads\/2014\/11\/11112014-REUNI\u00d3N-CON-INTERVENTOR-DEL-IPV-02-600x397.jpg 600w, http:\/\/ipv.salta.gov.ar\/wp-content\/uploads\/2014\/11\/11112014-REUNI\u00d3N-CON-INTERVENTOR-DEL-IPV-02.jpg 2000w\" sizes=\"(max-width: 300px) 100vw, 300px\" \/><\/a><\/span><\/strong><\/p>\n<p class=\"texto-descripciones2texto-col-222justificado\" style=\"text-align: justify; margin: 0cm 0cm 7.5pt 0cm;\"><strong><span style=\"font-size: 9.5pt; font-family: Helvetica;\">El Instituto Provincial de la Vivienda ser\u00e1 responsable del control de gesti\u00f3n y los aspectos t\u00e9cnicos de la obra del refugio para mujeres, que ser\u00e1 construido en la capital salte\u00f1a con fondos de Naci\u00f3n, del IPV y de la Provincia. Las obras generar\u00e1n trabajo para cooperativas cuyos integrantes se ocupar\u00e1n de la ejecuci\u00f3n.<\/span><\/strong><\/p>\n<p class=\"texto-descripciones2texto-col-222justificado\" style=\"text-align: justify; margin: 0cm 0cm 7.5pt 0cm;\"><!--more--><\/p>\n<p style=\"text-align: justify;\">La construcci\u00f3n del refugio para v\u00edctimas de violencia en Salta Capital, forma parte de las acciones del plan provincial \u201cUnidos por una Salta Libre de Violencia\u201d y contar\u00e1 con seis monoambientes para mujeres e hijos, con consultorios profesionales y espacios recreativos.<\/p>\n<p style=\"text-align: justify;\">Con la intervenci\u00f3n del Ministerio de Desarrollo Social de la Naci\u00f3n, la ejecuci\u00f3n de la obra ser\u00e1 responsabilidad de cooperativas del plan Argentina Trabaja, quienes contar\u00e1n con la supervisi\u00f3n t\u00e9cnica del IPV, responsable de las inspecciones, seguimiento del proyecto y certificaci\u00f3n de avance de obra f\u00edsica y financiera, entre otras tareas.<\/p>\n<p style=\"text-align: justify;\">\u201cEl D\u00eda Internacional de la Eliminaci\u00f3n de la Violencia contra la Mujer es \u00fatil y necesario para seguir concientizando sobre las formas de erradicar el ejercicio de intimidaciones y agresiones que pueden llegar a la muerte. Cada uno desde su lugar puede aportar con distintas herramientas para salvar a las mujeres y ni\u00f1os, el sector m\u00e1s vulnerable de una sociedad\u201d, afirm\u00f3 el interventor del IPV, Mat\u00edas Posadas.<\/p>\n<p style=\"text-align: justify;\">Desde septiembre pasado, rige en la Provincia la Emergencia por Violencia de G\u00e9nero, que contempla la creaci\u00f3n de juzgados de Violencia Familiar y de G\u00e9nero, un juzgado Fiscal Penal de Violencia de G\u00e9nero, hogares de protecci\u00f3n temporal como instancias de tr\u00e1nsito y albergue para mujeres v\u00edctimas de violencia \u00a0y la implementaci\u00f3n de botones antip\u00e1nico en toda la provincia.<\/p>\n<p style=\"text-align: justify;\">\n","protected":false},"excerpt":{"rendered":"<p>El Instituto Provincial de la Vivienda ser\u00e1 responsable del control de gesti\u00f3n y los aspectos t\u00e9cnicos de la obra del refugio para mujeres, que ser\u00e1 construido en la capital salte\u00f1a con fondos de Naci\u00f3n, del IPV y de la Provincia. Las obras generar\u00e1n trabajo para cooperativas cuyos integrantes se ocupar\u00e1n de la ejecuci\u00f3n.<\/p>\n","protected":false},"author":3,"featured_media":5936,"comment_status":"closed","ping_status":"open","sticky":false,"template":"","format":"standard","meta":{"footnotes":""},"categories":[4,49],"tags":[],"_links":{"self":[{"href":"http:\/\/ipv.salta.gov.ar\/index.php?rest_route=\/wp\/v2\/posts\/5937"}],"collection":[{"href":"http:\/\/ipv.salta.gov.ar\/index.php?rest_route=\/wp\/v2\/posts"}],"about":[{"href":"http:\/\/ipv.salta.gov.ar\/index.php?rest_route=\/wp\/v2\/types\/post"}],"author":[{"embeddable":true,"href":"http:\/\/ipv.salta.gov.ar\/index.php?rest_route=\/wp\/v2\/users\/3"}],"replies":[{"embeddable":true,"href":"http:\/\/ipv.salta.gov.ar\/index.php?rest_route=%2Fwp%2Fv2%2Fcomments&post=5937"}],"version-history":[{"count":1,"href":"http:\/\/ipv.salta.gov.ar\/index.php?rest_route=\/wp\/v2\/posts\/5937\/revisions"}],"predecessor-version":[{"id":5938,"href":"http:\/\/ipv.salta.gov.ar\/index.php?rest_route=\/wp\/v2\/posts\/5937\/revisions\/5938"}],"wp:featuredmedia":[{"embeddable":true,"href":"http:\/\/ipv.salta.gov.ar\/index.php?rest_route=\/wp\/v2\/media\/5936"}],"wp:attachment":[{"href":"http:\/\/ipv.salta.gov.ar\/index.php?rest_route=%2Fwp%2Fv2%2Fmedia&parent=5937"}],"wp:term":[{"taxonomy":"category","embeddable":true,"href":"http:\/\/ipv.salta.gov.ar\/index.php?rest_route=%2Fwp%2Fv2%2Fcategories&post=5937"},{"taxonomy":"post_tag","embeddable":true,"href":"http:\/\/ipv.salta.gov.ar\/index.php?rest_route=%2Fwp%2Fv2%2Ftags&post=5937"}],"curies":[{"name":"wp","href":"https:\/\/api.w.org\/{rel}","templated":true}]}}