{"id":5969,"date":"2014-12-01T10:24:03","date_gmt":"2014-12-01T13:24:03","guid":{"rendered":"http:\/\/ipv.salta.gov.ar\/?p=5969"},"modified":"2014-12-01T10:24:03","modified_gmt":"2014-12-01T13:24:03","slug":"el-ipv-construira-una-vivienda-para-una-nina-con-leucemia","status":"publish","type":"post","link":"http:\/\/ipv.salta.gov.ar\/?p=5969","title":{"rendered":"El IPV construir\u00e1 una vivienda para una ni\u00f1a con leucemia"},"content":{"rendered":"<p class=\"texto-descripciones2texto-col-222justificado\" style=\"text-align: justify; margin: 0cm 0cm 7.5pt 0cm;\"><strong><span style=\"font-size: 9.5pt; font-family: Helvetica;\"><a href=\"http:\/\/ipv.salta.gov.ar\/wp-content\/uploads\/2014\/12\/Posadas-int-nazareno.jpg\"><img decoding=\"async\" loading=\"lazy\" class=\"alignnone size-medium wp-image-5971\" src=\"http:\/\/ipv.salta.gov.ar\/wp-content\/uploads\/2014\/12\/Posadas-int-nazareno-300x225.jpg\" alt=\"Posadas-int nazareno\" width=\"300\" height=\"225\" srcset=\"http:\/\/ipv.salta.gov.ar\/wp-content\/uploads\/2014\/12\/Posadas-int-nazareno-300x225.jpg 300w, http:\/\/ipv.salta.gov.ar\/wp-content\/uploads\/2014\/12\/Posadas-int-nazareno-600x450.jpg 600w, http:\/\/ipv.salta.gov.ar\/wp-content\/uploads\/2014\/12\/Posadas-int-nazareno.jpg 960w\" sizes=\"(max-width: 300px) 100vw, 300px\" \/><\/a><\/span><\/strong><\/p>\n<p class=\"texto-descripciones2texto-col-222justificado\" style=\"text-align: justify; margin: 0cm 0cm 7.5pt 0cm;\"><strong><span style=\"font-size: 9.5pt; font-family: Helvetica;\">La beneficiaria es Agustina, de un a\u00f1o y medio. El IPV financiar\u00e1 la obra que ser\u00e1 construida por el Municipio de Nazareno.<\/span><\/strong><\/p>\n<p class=\"texto-descripciones2texto-col-222justificado\" style=\"text-align: justify; margin: 0cm 0cm 7.5pt 0cm;\"><!--more--><\/p>\n<p style=\"text-align: justify; margin: 0cm 0cm 7.5pt 0cm;\"><span style=\"font-size: 10.5pt; font-family: Helvetica; color: #333333;\">El interventor del Instituto Provincial de la Vivienda Mat\u00ecas Posadas, acord\u00f3 con el intendente de Nazareno, Juli\u00e1n Quiquinte la construcci\u00f3n de una vivienda destinada \u00a0a la familia de Agustina, una ni\u00f1a de 1 a\u00f1o y 10 meses que padece Leucemia Linfobl\u00e1stica Aguda.\u00a0<\/span><\/p>\n<p style=\"margin: 0cm; margin-bottom: .0001pt; text-align: justify; background-position: initial initial; background-repeat: initial initial;\"><span style=\"font-size: 10.5pt; font-family: Helvetica; color: #333333;\">La posibilidad de que Agustina cuente con una vivienda que le permita sobrellevar su enfermedad y tratamiento, es posible porque el IPV financiar\u00e1 la obra con un presupuesto de $141.224, y ser\u00e1 edificada en un terreno de propiedad de la familia, a trav\u00e9s del Programa Provincial Mi Casa.<\/span><\/p>\n<p style=\"margin: 0cm; margin-bottom: .0001pt; text-align: justify; background-position: initial initial; background-repeat: initial initial;\"><span style=\"font-size: 10.5pt; font-family: Helvetica; color: #333333;\">Tambi\u00e9n har\u00e1\u00a0su aporte el municipio de Nazareno, ya que ser\u00e1 el organismo encargado de construir la vivienda.\u00a0<\/span><\/p>\n<p style=\"margin: 0cm; margin-bottom: .0001pt; text-align: justify; background-position: initial initial; background-repeat: initial initial;\"><span style=\"font-size: 10.5pt; font-family: Helvetica; color: #333333;\">\u201cAgustina merece vivir dignamente y el Gobierno Provincial har\u00e1 todo lo necesario para mejorar su calidad de vida, en momentos en los que una patolog\u00eda dura tambi\u00e9n cambia totalmente la vida de sus padres y entorno familiar\u201d consider\u00f3 Posadas.<\/span><\/p>\n<p style=\"margin: 0cm; margin-bottom: .0001pt; text-align: justify; background-position: initial initial; background-repeat: initial initial;\"><span style=\"font-size: 10.5pt; font-family: Helvetica; color: #333333;\">La leucemia linfobl\u00e1stica aguda infantil es un tipo de c\u00e1ncer por el cual la m\u00e9dula \u00f3sea produce demasiados linfocitos inmaduros, y que afecta la sangre y m\u00e9dula \u00f3sea.\u00a0Es el tipo de c\u00e1ncer m\u00e1s com\u00fan en los ni\u00f1os y generalmente empeora r\u00e1pidamente sino se administra tratamiento.<\/span><\/p>\n<p style=\"margin: 0cm; margin-bottom: .0001pt; text-align: justify; background-position: initial initial; background-repeat: initial initial;\"><span style=\"font-size: 10.5pt; font-family: Helvetica; color: #333333;\">Mientras tanto, en Nazareno se construyen viviendas del mismo programa \u00abMi Casa\u00bb y 20 n\u00facleos h\u00famedos en terrenos de pobladores del departamento Santa Victoria y al extremo noroeste de la Provincia.<\/span><\/p>\n","protected":false},"excerpt":{"rendered":"<p>La beneficiaria es Agustina, de un a\u00f1o y medio. El IPV financiar\u00e1 la obra que ser\u00e1 construida por el Municipio de Nazareno.<\/p>\n","protected":false},"author":3,"featured_media":5971,"comment_status":"closed","ping_status":"open","sticky":false,"template":"","format":"standard","meta":{"footnotes":""},"categories":[4,49],"tags":[],"_links":{"self":[{"href":"http:\/\/ipv.salta.gov.ar\/index.php?rest_route=\/wp\/v2\/posts\/5969"}],"collection":[{"href":"http:\/\/ipv.salta.gov.ar\/index.php?rest_route=\/wp\/v2\/posts"}],"about":[{"href":"http:\/\/ipv.salta.gov.ar\/index.php?rest_route=\/wp\/v2\/types\/post"}],"author":[{"embeddable":true,"href":"http:\/\/ipv.salta.gov.ar\/index.php?rest_route=\/wp\/v2\/users\/3"}],"replies":[{"embeddable":true,"href":"http:\/\/ipv.salta.gov.ar\/index.php?rest_route=%2Fwp%2Fv2%2Fcomments&post=5969"}],"version-history":[{"count":2,"href":"http:\/\/ipv.salta.gov.ar\/index.php?rest_route=\/wp\/v2\/posts\/5969\/revisions"}],"predecessor-version":[{"id":5972,"href":"http:\/\/ipv.salta.gov.ar\/index.php?rest_route=\/wp\/v2\/posts\/5969\/revisions\/5972"}],"wp:featuredmedia":[{"embeddable":true,"href":"http:\/\/ipv.salta.gov.ar\/index.php?rest_route=\/wp\/v2\/media\/5971"}],"wp:attachment":[{"href":"http:\/\/ipv.salta.gov.ar\/index.php?rest_route=%2Fwp%2Fv2%2Fmedia&parent=5969"}],"wp:term":[{"taxonomy":"category","embeddable":true,"href":"http:\/\/ipv.salta.gov.ar\/index.php?rest_route=%2Fwp%2Fv2%2Fcategories&post=5969"},{"taxonomy":"post_tag","embeddable":true,"href":"http:\/\/ipv.salta.gov.ar\/index.php?rest_route=%2Fwp%2Fv2%2Ftags&post=5969"}],"curies":[{"name":"wp","href":"https:\/\/api.w.org\/{rel}","templated":true}]}}