{"id":5974,"date":"2014-12-01T13:02:33","date_gmt":"2014-12-01T16:02:33","guid":{"rendered":"http:\/\/ipv.salta.gov.ar\/?p=5974"},"modified":"2014-12-01T13:02:33","modified_gmt":"2014-12-01T16:02:33","slug":"posadas-destaca-el-aporte-del-consejo-economico-y-social-a-la-discusion-sobre-politica-habitacional","status":"publish","type":"post","link":"http:\/\/ipv.salta.gov.ar\/?p=5974","title":{"rendered":"Posadas destaca el aporte del Consejo Econ\u00f3mico y Social a la discusi\u00f3n sobre Pol\u00edtica Habitacional"},"content":{"rendered":"<p style=\"text-align: justify;\"><strong><a href=\"http:\/\/ipv.salta.gov.ar\/wp-content\/uploads\/2014\/12\/CES.jpg\"><img decoding=\"async\" loading=\"lazy\" class=\"alignnone size-medium wp-image-5973\" src=\"http:\/\/ipv.salta.gov.ar\/wp-content\/uploads\/2014\/12\/CES-300x193.jpg\" alt=\"CES\" width=\"300\" height=\"193\" srcset=\"http:\/\/ipv.salta.gov.ar\/wp-content\/uploads\/2014\/12\/CES-300x193.jpg 300w, http:\/\/ipv.salta.gov.ar\/wp-content\/uploads\/2014\/12\/CES.jpg 560w\" sizes=\"(max-width: 300px) 100vw, 300px\" \/><\/a><\/strong><\/p>\n<p style=\"text-align: justify;\"><strong>El Consejo Econ\u00f3mico y Social elabor\u00f3 el dictamen referido a la Pol\u00edtica Habitacional de la Provincia y sugiri\u00f3 que se aborde en forma integral a trav\u00e9s de la sanci\u00f3n de una Ley Provincial de Planeamiento Urbano. Tambi\u00e9n redact\u00f3 un apartado referido al Instituto Provincial de la Vivienda, en el que se ocupa de escrituras, recupero de cuotas y descuentos por planilla a empleados p\u00fablicos y privados.<\/strong><\/p>\n<p style=\"text-align: justify;\"><!--more--><\/p>\n<p style=\"text-align: justify;\">El interventor del IPV, Mat\u00edas Posadas celebr\u00f3 que el dictamen elaborado por el Consejo Econ\u00f3mico y Social sugiera enmarcar en una Ley Provincial, lo que se viene haciendo en la pr\u00e1ctica en el organismo provincial, en todas y cada una de las oportunidades que se dise\u00f1an urbanizaciones para toda la Provincia.<\/p>\n<p style=\"text-align: justify;\">\u201cEl dictamen del CES recomienda la sanci\u00f3n de una Ley provincial y se basa en el cap\u00edtulo sobre \u201cVivienda Digna\u201d, del Plan de Desarrollo Estrat\u00e9gico Salta 2030\u201d, dijo Posadas, y precis\u00f3 que dicho cap\u00edtulo se refiere al cruzamiento de datos con los municipios sobre el manejo de cuencas h\u00eddricas, preservaci\u00f3n del patrimonio natural y cultural, provisi\u00f3n de agua potable y cloacas, uso del suelo, tratamiento de la basura y planes de impacto ambiental.<\/p>\n<p style=\"text-align: justify;\">\u00a0\u201cVamos a continuar y profundizaremos el trabajo coordinado con los municipios\u201d, destac\u00f3 Posadas, a la vez que enfatiz\u00f3 que tambi\u00e9n en los hechos, las decisiones del gobernador Urtubey, de ampliar cupos para discapacitados y privilegiar a los inscriptos de mayor antig\u00fcedad, confirman la profundizaci\u00f3n de las pol\u00edticas sociales de la gesti\u00f3n.<\/p>\n<p style=\"text-align: justify;\">\u00a0Tambi\u00e9n dijo el Interventor que espec\u00edficamente en torno al IPV, el Consejo sugiri\u00f3 que las viviendas se entreguen con escrituras (con el dominio revocable ante el incumplimiento de la normativa, adem\u00e1s de la hipoteca a favor del IPV), y que se focalice en el recupero de cuotas para financiar el Fondo Provincial de Vivienda.<\/p>\n<p style=\"text-align: justify;\">Adem\u00e1s, aconsej\u00f3 descontar por planilla las cuotas a empleados estatales y privados, con cuyos empleadores se podr\u00edan firmar convenios.<\/p>\n<p style=\"text-align: justify;\">\u00a0\u201cReforzamos el concepto de la naturaleza solidaria del sistema cada vez que alguien se inscribe, actualiza sus datos, va a sorteo y se le adjudica una casa\u201d, dijo Posadas, y agradeci\u00f3 el aporte del presidente del Consejo Econ\u00f3mico y Social, Julio C\u00e9sar Loutaif, el vicepresidente, Fernando Fortuny y la Comisi\u00f3n de Viviendas del CES.<\/p>\n<p style=\"text-align: justify;\">La integran la C\u00e1mara de Comercio e Industria, UOCRA, Consejo de Ciencias Econ\u00f3micas, Asociaci\u00f3n Alianza Israelita, COPAIPA, Arzobispado de Salta, Foro Provincial de Agricultura Familiar y el Sindicato de Empleados de Comercio.<\/p>\n<p style=\"text-align: justify;\">\n","protected":false},"excerpt":{"rendered":"<p>El Consejo Econ\u00f3mico y Social elabor\u00f3 el dictamen referido a la Pol\u00edtica Habitacional de la Provincia y sugiri\u00f3 que se aborde en forma integral a trav\u00e9s de la sanci\u00f3n de una Ley Provincial de Planeamiento Urbano. Tambi\u00e9n redact\u00f3 un apartado referido al Instituto Provincial de la Vivienda, en el que se ocupa de escrituras, recupero [&hellip;]<\/p>\n","protected":false},"author":3,"featured_media":5973,"comment_status":"closed","ping_status":"open","sticky":false,"template":"","format":"standard","meta":{"footnotes":""},"categories":[4,49],"tags":[],"_links":{"self":[{"href":"http:\/\/ipv.salta.gov.ar\/index.php?rest_route=\/wp\/v2\/posts\/5974"}],"collection":[{"href":"http:\/\/ipv.salta.gov.ar\/index.php?rest_route=\/wp\/v2\/posts"}],"about":[{"href":"http:\/\/ipv.salta.gov.ar\/index.php?rest_route=\/wp\/v2\/types\/post"}],"author":[{"embeddable":true,"href":"http:\/\/ipv.salta.gov.ar\/index.php?rest_route=\/wp\/v2\/users\/3"}],"replies":[{"embeddable":true,"href":"http:\/\/ipv.salta.gov.ar\/index.php?rest_route=%2Fwp%2Fv2%2Fcomments&post=5974"}],"version-history":[{"count":1,"href":"http:\/\/ipv.salta.gov.ar\/index.php?rest_route=\/wp\/v2\/posts\/5974\/revisions"}],"predecessor-version":[{"id":5975,"href":"http:\/\/ipv.salta.gov.ar\/index.php?rest_route=\/wp\/v2\/posts\/5974\/revisions\/5975"}],"wp:featuredmedia":[{"embeddable":true,"href":"http:\/\/ipv.salta.gov.ar\/index.php?rest_route=\/wp\/v2\/media\/5973"}],"wp:attachment":[{"href":"http:\/\/ipv.salta.gov.ar\/index.php?rest_route=%2Fwp%2Fv2%2Fmedia&parent=5974"}],"wp:term":[{"taxonomy":"category","embeddable":true,"href":"http:\/\/ipv.salta.gov.ar\/index.php?rest_route=%2Fwp%2Fv2%2Fcategories&post=5974"},{"taxonomy":"post_tag","embeddable":true,"href":"http:\/\/ipv.salta.gov.ar\/index.php?rest_route=%2Fwp%2Fv2%2Ftags&post=5974"}],"curies":[{"name":"wp","href":"https:\/\/api.w.org\/{rel}","templated":true}]}}