{"id":5993,"date":"2014-12-04T08:34:18","date_gmt":"2014-12-04T11:34:18","guid":{"rendered":"http:\/\/ipv.salta.gov.ar\/?p=5993"},"modified":"2014-12-04T08:34:18","modified_gmt":"2014-12-04T11:34:18","slug":"fue-presentada-en-diputados-la-proyeccion-de-viviendas-para-2015","status":"publish","type":"post","link":"http:\/\/ipv.salta.gov.ar\/?p=5993","title":{"rendered":"Fue presentada en Diputados la proyecci\u00f3n de viviendas para 2015"},"content":{"rendered":"<p class=\"texto-descripciones2texto-col-222justificado\" style=\"text-align: justify; margin: 0cm 0cm 7.5pt 0cm;\"><strong><span style=\"font-size: 9.5pt; font-family: Helvetica;\"><a href=\"http:\/\/ipv.salta.gov.ar\/wp-content\/uploads\/2014\/12\/03-12-Posadas-con-diputados.jpg\"><img decoding=\"async\" loading=\"lazy\" class=\"alignnone size-medium wp-image-5992\" src=\"http:\/\/ipv.salta.gov.ar\/wp-content\/uploads\/2014\/12\/03-12-Posadas-con-diputados-300x193.jpg\" alt=\"03-12 Posadas con diputados\" width=\"300\" height=\"193\" srcset=\"http:\/\/ipv.salta.gov.ar\/wp-content\/uploads\/2014\/12\/03-12-Posadas-con-diputados-300x193.jpg 300w, http:\/\/ipv.salta.gov.ar\/wp-content\/uploads\/2014\/12\/03-12-Posadas-con-diputados.jpg 560w\" sizes=\"(max-width: 300px) 100vw, 300px\" \/><\/a><\/span><\/strong><\/p>\n<p class=\"texto-descripciones2texto-col-222justificado\" style=\"text-align: justify; margin: 0cm 0cm 7.5pt 0cm;\"><strong><span style=\"font-size: 9.5pt; font-family: Helvetica;\">El interventor del IPV, Mat\u00edas Posadas present\u00f3 ante la Comisi\u00f3n de Obras P\u00fablicas de la C\u00e1mara de Diputados de la Provincia el presupuesto de obras 2015 para la construcci\u00f3n de viviendas.<\/span><\/strong><\/p>\n<p class=\"texto-descripciones2texto-col-222justificado\" style=\"text-align: justify; margin: 0cm 0cm 7.5pt 0cm;\"><!--more--><\/p>\n<p style=\"text-align: justify;\">El interventor del Instituto Provincial de Vivienda, Mat\u00edas Posadas present\u00f3 el presupuesto de obras previsto para 2015, en un encuentro que encabez\u00f3 el presidente de la comisi\u00f3n de Obras P\u00fablicas, diputado Gustavo Scavuzzo.<\/p>\n<p style=\"text-align: justify;\">Los participantes destacaron la gran cantidad de viviendas en ejecuci\u00f3n, porque se trata de cifras nunca antes registradas en la Provincia.<\/p>\n<p style=\"text-align: justify;\">Actualmente hay 3.300 casas en ejecuci\u00f3n y otras 3.600 a punto de iniciar, con lo cual se llegar\u00e1 a un record hist\u00f3rico de pr\u00e1cticamente 7.000 viviendas en ejecuci\u00f3n para principios de 2015.<\/p>\n<p style=\"text-align: justify;\">Adem\u00e1s, en el informe Posadas precis\u00f3 la gran cantidad de programas habitacionales puestos en marcha, ya que se trabaja con los nacionales Techo Digno, Mejor Vivir, Integraci\u00f3n Sociocomunitaria, Mejoramiento del H\u00e1bitat de Pueblos Originarios y Rurales, adem\u00e1s de todos los que cuentan con financiamiento provincial como Mi Casa, Recuperaci\u00f3n y N\u00facleos H\u00famedos, entre otros.<\/p>\n<p style=\"text-align: justify;\">Los diputados de la comisi\u00f3n agradecieron el informe detallado y brindado en forma personal por el interventor del IPV, Mat\u00edas Posadas, quien pudo responder todas las consultas en lo inmediato.<\/p>\n<p style=\"text-align: justify;\">\u201cA los programas nacionales y provinciales le sumamos el trabajo de los municipios del interior, y en muchos casos, la tarea de las cooperativas, lo que permite generar fuentes genuinas de trabajo en sus lugares de residencia\u201d, se\u00f1al\u00f3 Posadas, a la vez que destac\u00f3 la labor conjunta con la Provincia, que para 2015 proyecta obras de agua, cloacas, alumbrado p\u00fablico y gas, como tambi\u00e9n en materia de salud, educaci\u00f3n y seguridad en diferentes municipios.<\/p>\n<p style=\"text-align: justify;\">El funcionario agreg\u00f3 que \u201c2015 ser\u00e1 un a\u00f1o r\u00e9cord en materia de viviendas, porque comenzaremos el a\u00f1o con 14.000 viviendas entregadas y 6.900 en ejecuci\u00f3n, lo que sumar\u00e1 m\u00e1s de 20.000 casas para los salte\u00f1os concretadas durante la gesti\u00f3n del gobernador Urtubey\u201d.<\/p>\n<p style=\"text-align: justify;\">El proyecto de Ley del Presupuesto General de la Provincia-Ejercicio 2015 se tratar\u00e1 el mi\u00e9rcoles 10 del corriente.<\/p>\n<p style=\"text-align: justify;\">Con Posadas y Scavuzzo, estuvieron los diputados Pedro S\u00e1ndez (PJ), Miguel Calabr\u00f3 (PJ), Diego P\u00e9rez (PJ), Matilde Balduzzi (PJ), Eduardo Leavy (FPV), Tom\u00e1s Torres (FPV), Gabriela Martinich (PRS) y Julio Quintana (PO).<\/p>\n<p style=\"text-align: justify;\">\n<p>&nbsp;<\/p>\n","protected":false},"excerpt":{"rendered":"<p>El interventor del IPV, Mat\u00edas Posadas present\u00f3 ante la Comisi\u00f3n de Obras P\u00fablicas de la C\u00e1mara de Diputados de la Provincia el presupuesto de obras 2015 para la construcci\u00f3n de viviendas.<\/p>\n","protected":false},"author":3,"featured_media":5992,"comment_status":"closed","ping_status":"open","sticky":false,"template":"","format":"standard","meta":{"footnotes":""},"categories":[4,49],"tags":[],"_links":{"self":[{"href":"http:\/\/ipv.salta.gov.ar\/index.php?rest_route=\/wp\/v2\/posts\/5993"}],"collection":[{"href":"http:\/\/ipv.salta.gov.ar\/index.php?rest_route=\/wp\/v2\/posts"}],"about":[{"href":"http:\/\/ipv.salta.gov.ar\/index.php?rest_route=\/wp\/v2\/types\/post"}],"author":[{"embeddable":true,"href":"http:\/\/ipv.salta.gov.ar\/index.php?rest_route=\/wp\/v2\/users\/3"}],"replies":[{"embeddable":true,"href":"http:\/\/ipv.salta.gov.ar\/index.php?rest_route=%2Fwp%2Fv2%2Fcomments&post=5993"}],"version-history":[{"count":1,"href":"http:\/\/ipv.salta.gov.ar\/index.php?rest_route=\/wp\/v2\/posts\/5993\/revisions"}],"predecessor-version":[{"id":5994,"href":"http:\/\/ipv.salta.gov.ar\/index.php?rest_route=\/wp\/v2\/posts\/5993\/revisions\/5994"}],"wp:featuredmedia":[{"embeddable":true,"href":"http:\/\/ipv.salta.gov.ar\/index.php?rest_route=\/wp\/v2\/media\/5992"}],"wp:attachment":[{"href":"http:\/\/ipv.salta.gov.ar\/index.php?rest_route=%2Fwp%2Fv2%2Fmedia&parent=5993"}],"wp:term":[{"taxonomy":"category","embeddable":true,"href":"http:\/\/ipv.salta.gov.ar\/index.php?rest_route=%2Fwp%2Fv2%2Fcategories&post=5993"},{"taxonomy":"post_tag","embeddable":true,"href":"http:\/\/ipv.salta.gov.ar\/index.php?rest_route=%2Fwp%2Fv2%2Ftags&post=5993"}],"curies":[{"name":"wp","href":"https:\/\/api.w.org\/{rel}","templated":true}]}}