{"id":6030,"date":"2014-12-05T16:46:22","date_gmt":"2014-12-05T19:46:22","guid":{"rendered":"http:\/\/ipv.salta.gov.ar\/?p=6030"},"modified":"2014-12-10T16:57:16","modified_gmt":"2014-12-10T19:57:16","slug":"el-ipv-analiza-la-politica-federal-de-vivienda-en-ushuaia","status":"publish","type":"post","link":"http:\/\/ipv.salta.gov.ar\/?p=6030","title":{"rendered":"El IPV analiza la pol\u00edtica federal de Vivienda en Ushuaia"},"content":{"rendered":"<p style=\"text-align: justify;\"><a href=\"http:\/\/ipv.salta.gov.ar\/wp-content\/uploads\/2014\/12\/IMG-20141204-WA0023.jpg\"><img decoding=\"async\" loading=\"lazy\" class=\"alignnone size-medium wp-image-6031\" src=\"http:\/\/ipv.salta.gov.ar\/wp-content\/uploads\/2014\/12\/IMG-20141204-WA0023-300x225.jpg\" alt=\"IMG-20141204-WA0023\" width=\"300\" height=\"225\" srcset=\"http:\/\/ipv.salta.gov.ar\/wp-content\/uploads\/2014\/12\/IMG-20141204-WA0023-300x225.jpg 300w, http:\/\/ipv.salta.gov.ar\/wp-content\/uploads\/2014\/12\/IMG-20141204-WA0023-600x450.jpg 600w, http:\/\/ipv.salta.gov.ar\/wp-content\/uploads\/2014\/12\/IMG-20141204-WA0023.jpg 1280w\" sizes=\"(max-width: 300px) 100vw, 300px\" \/>\u00a0<span style=\"color: #000000;\">Presidentes y autoridades de los Institutos de Vivienda de todo el pa\u00eds se re\u00fanen en la ciudad de Ushuaia, capital de Tierra del Fuego, Ant\u00e1rtida e Islas del Atl\u00e1ntico Sur, en el marco de la 70\u00ba Asamblea Ordinaria del Consejo Nacional de la Vivienda. Salta se encuentra representada por el jefe del \u00e1rea Financiera, CPN Carlos Joya, en una nueva asamblea del Consejo, en la que se intercambian y actualizan los programas de vivienda de todas las jurisdicciones.<\/span><\/a><\/p>\n<p style=\"text-align: justify;\"><span style=\"color: #000000;\"><!--more--><\/span><\/p>\n<p>Hasta hoy se realiza la 70\u00ba Asamblea Ordinaria del Consejo Nacional de la Vivienda (CNV), que re\u00fane a todos los todos los Institutos Provinciales de Vivienda del pa\u00eds.<\/p>\n<p>La apertura del encuentro fue encabezada por el subsecretario de Desarrollo Urbano y Vivienda, Germ\u00e1n Nivello, el titular del Consejo Nacional de la Vivienda, Gustavo Dur\u00e1n y la gobernadora Fabiana R\u00edos.<\/p>\n<p>Entre los temas que se abordan desde ayer, se destacan el an\u00e1lisis del Programa de Viviendas, Gesti\u00f3n y marcha de la Pol\u00edtica Federal de Vivienda, los nuevos proyectos, Viviendas Sustentables y de Madera (con la presentaci\u00f3n de la Federaci\u00f3n Argentina de la Industria Maderera y Afines), y otras novedades, vinculadas con el dise\u00f1o y urbanizaci\u00f3n en Argentina, seg\u00fan las condiciones geogr\u00e1ficas y demogr\u00e1ficas de cada regi\u00f3n.<\/p>\n<p>El Consejo Nacional de la Vivienda es un ente sin fines de lucro y funciona como organismo asesor del Estado Nacional, de las Provincias y de los Municipios en cuestiones vinculadas al h\u00e1bitat.<\/p>\n<p>Adem\u00e1s, propone pautas para la instrumentaci\u00f3n de la Pol\u00edtica Habitacional Nacional y sus necesarios ajustes conforme a las realidades de las jurisdicciones representadas.<\/p>\n<p>En la \u00faltima Asamblea del a\u00f1o, Salta present\u00f3 informes sobre el r\u00e9cord en construcci\u00f3n de viviendas a partir de la gesti\u00f3n del gobernador Juan Manuel Urtubey, teniendo en cuenta que 2015 iniciar\u00e1 con 6.900 viviendas en ejecuci\u00f3n, que se sumar\u00e1n a las 14.000 casas ya entregadas.<\/p>\n<p>El interventor del IPV, Mat\u00edas Posadas record\u00f3 que \u201cen ese contexto, se destac\u00f3 el apoyo permanente del Gobierno Nacional en pol\u00edticas habitacionales y la respuesta a la demanda de la poblaci\u00f3n salte\u00f1a, con la prioridad sostenida en par\u00e1metros de necesidades sociales y regionales de viviendas, entre otros\u201d, finaliz\u00f3 Posadas.<\/p>\n<p style=\"text-align: justify;\">\n","protected":false},"excerpt":{"rendered":"<p>\u00a0Presidentes y autoridades de los Institutos de Vivienda de todo el pa\u00eds se re\u00fanen en la ciudad de Ushuaia, capital de Tierra del Fuego, Ant\u00e1rtida e Islas del Atl\u00e1ntico Sur, en el marco de la 70\u00ba Asamblea Ordinaria del Consejo Nacional de la Vivienda. Salta se encuentra representada por el jefe del \u00e1rea Financiera, CPN [&hellip;]<\/p>\n","protected":false},"author":3,"featured_media":6031,"comment_status":"closed","ping_status":"open","sticky":false,"template":"","format":"standard","meta":{"footnotes":""},"categories":[4,49],"tags":[],"_links":{"self":[{"href":"http:\/\/ipv.salta.gov.ar\/index.php?rest_route=\/wp\/v2\/posts\/6030"}],"collection":[{"href":"http:\/\/ipv.salta.gov.ar\/index.php?rest_route=\/wp\/v2\/posts"}],"about":[{"href":"http:\/\/ipv.salta.gov.ar\/index.php?rest_route=\/wp\/v2\/types\/post"}],"author":[{"embeddable":true,"href":"http:\/\/ipv.salta.gov.ar\/index.php?rest_route=\/wp\/v2\/users\/3"}],"replies":[{"embeddable":true,"href":"http:\/\/ipv.salta.gov.ar\/index.php?rest_route=%2Fwp%2Fv2%2Fcomments&post=6030"}],"version-history":[{"count":7,"href":"http:\/\/ipv.salta.gov.ar\/index.php?rest_route=\/wp\/v2\/posts\/6030\/revisions"}],"predecessor-version":[{"id":6038,"href":"http:\/\/ipv.salta.gov.ar\/index.php?rest_route=\/wp\/v2\/posts\/6030\/revisions\/6038"}],"wp:featuredmedia":[{"embeddable":true,"href":"http:\/\/ipv.salta.gov.ar\/index.php?rest_route=\/wp\/v2\/media\/6031"}],"wp:attachment":[{"href":"http:\/\/ipv.salta.gov.ar\/index.php?rest_route=%2Fwp%2Fv2%2Fmedia&parent=6030"}],"wp:term":[{"taxonomy":"category","embeddable":true,"href":"http:\/\/ipv.salta.gov.ar\/index.php?rest_route=%2Fwp%2Fv2%2Fcategories&post=6030"},{"taxonomy":"post_tag","embeddable":true,"href":"http:\/\/ipv.salta.gov.ar\/index.php?rest_route=%2Fwp%2Fv2%2Ftags&post=6030"}],"curies":[{"name":"wp","href":"https:\/\/api.w.org\/{rel}","templated":true}]}}