{"id":6065,"date":"2014-12-21T14:05:23","date_gmt":"2014-12-21T17:05:23","guid":{"rendered":"http:\/\/ipv.salta.gov.ar\/?p=6065"},"modified":"2014-12-23T08:11:10","modified_gmt":"2014-12-23T11:11:10","slug":"manana-la-provincia-entregara-duplex-en-barrio-san-carlos","status":"publish","type":"post","link":"http:\/\/ipv.salta.gov.ar\/?p=6065","title":{"rendered":"Ma\u00f1ana la Provincia entregar\u00e1 d\u00faplex en barrio San Carlos"},"content":{"rendered":"<p><a href=\"http:\/\/ipv.salta.gov.ar\/wp-content\/uploads\/2014\/10\/Entrega-Viviendas.jpg\"><img decoding=\"async\" loading=\"lazy\" class=\"alignnone size-medium wp-image-5809\" src=\"http:\/\/ipv.salta.gov.ar\/wp-content\/uploads\/2014\/10\/Entrega-Viviendas-300x225.jpg\" alt=\"Entrega Viviendas\" width=\"300\" height=\"225\" srcset=\"http:\/\/ipv.salta.gov.ar\/wp-content\/uploads\/2014\/10\/Entrega-Viviendas-300x225.jpg 300w, http:\/\/ipv.salta.gov.ar\/wp-content\/uploads\/2014\/10\/Entrega-Viviendas-600x450.jpg 600w, http:\/\/ipv.salta.gov.ar\/wp-content\/uploads\/2014\/10\/Entrega-Viviendas.jpg 640w\" sizes=\"(max-width: 300px) 100vw, 300px\" \/><\/a>\u00a0<strong>En total se entregar\u00e1n 16 d\u00faplex y una vivienda adaptada para personas con discapacidad motriz. En la ceremonia se entregar\u00e1n las llaves y la documentaci\u00f3n correspondiente.<\/strong><\/p>\n<p><!--more--><\/p>\n<p>Diecisiete familias recibir\u00e1n ma\u00f1ana \u00a0las llaves y la documentaci\u00f3n de su nueva vivienda en barrio San Carlos. Durante el acto que comenzar\u00e1 a las 17:30, el Instituto Provincial de Vivienda (IPV) entregar\u00e1 16 d\u00faplex y una vivienda adaptadas para personas con discapacidad motriz.<\/p>\n<p>Las unidades corresponden al Plan Salte\u00f1o, programa que es financiado por el Gobierno de la Provincia con el objetivo de disminuir el d\u00e9ficit habitacional y cumplir el sue\u00f1o de la casa propia de los salte\u00f1os que a\u00fan no la tienen.<\/p>\n<p>Los d\u00faplex tienen una plana baja con un estar-comedor, cocina y lavadero externo; en la planta alta hay dos dormitorios y un ba\u00f1o.<\/p>\n","protected":false},"excerpt":{"rendered":"<p>\u00a0En total se entregar\u00e1n 16 d\u00faplex y una vivienda adaptada para personas con discapacidad motriz. En la ceremonia se entregar\u00e1n las llaves y la documentaci\u00f3n correspondiente.<\/p>\n","protected":false},"author":3,"featured_media":5809,"comment_status":"closed","ping_status":"open","sticky":false,"template":"","format":"standard","meta":{"footnotes":""},"categories":[4,49],"tags":[],"_links":{"self":[{"href":"http:\/\/ipv.salta.gov.ar\/index.php?rest_route=\/wp\/v2\/posts\/6065"}],"collection":[{"href":"http:\/\/ipv.salta.gov.ar\/index.php?rest_route=\/wp\/v2\/posts"}],"about":[{"href":"http:\/\/ipv.salta.gov.ar\/index.php?rest_route=\/wp\/v2\/types\/post"}],"author":[{"embeddable":true,"href":"http:\/\/ipv.salta.gov.ar\/index.php?rest_route=\/wp\/v2\/users\/3"}],"replies":[{"embeddable":true,"href":"http:\/\/ipv.salta.gov.ar\/index.php?rest_route=%2Fwp%2Fv2%2Fcomments&post=6065"}],"version-history":[{"count":2,"href":"http:\/\/ipv.salta.gov.ar\/index.php?rest_route=\/wp\/v2\/posts\/6065\/revisions"}],"predecessor-version":[{"id":6070,"href":"http:\/\/ipv.salta.gov.ar\/index.php?rest_route=\/wp\/v2\/posts\/6065\/revisions\/6070"}],"wp:featuredmedia":[{"embeddable":true,"href":"http:\/\/ipv.salta.gov.ar\/index.php?rest_route=\/wp\/v2\/media\/5809"}],"wp:attachment":[{"href":"http:\/\/ipv.salta.gov.ar\/index.php?rest_route=%2Fwp%2Fv2%2Fmedia&parent=6065"}],"wp:term":[{"taxonomy":"category","embeddable":true,"href":"http:\/\/ipv.salta.gov.ar\/index.php?rest_route=%2Fwp%2Fv2%2Fcategories&post=6065"},{"taxonomy":"post_tag","embeddable":true,"href":"http:\/\/ipv.salta.gov.ar\/index.php?rest_route=%2Fwp%2Fv2%2Ftags&post=6065"}],"curies":[{"name":"wp","href":"https:\/\/api.w.org\/{rel}","templated":true}]}}