{"id":6067,"date":"2014-12-21T16:17:41","date_gmt":"2014-12-21T19:17:41","guid":{"rendered":"http:\/\/ipv.salta.gov.ar\/?p=6067"},"modified":"2014-12-21T16:18:32","modified_gmt":"2014-12-21T19:18:32","slug":"el-gobernador-entregara-20-viviendas-en-la-merced","status":"publish","type":"post","link":"http:\/\/ipv.salta.gov.ar\/?p=6067","title":{"rendered":"El Gobernador entregar\u00e1 20 viviendas en La Merced"},"content":{"rendered":"<p><a href=\"http:\/\/ipv.salta.gov.ar\/wp-content\/uploads\/2014\/12\/La-Merced-anuncio.jpg\"><img decoding=\"async\" loading=\"lazy\" class=\"alignnone size-medium wp-image-6068\" src=\"http:\/\/ipv.salta.gov.ar\/wp-content\/uploads\/2014\/12\/La-Merced-anuncio-300x193.jpg\" alt=\"La Merced anuncio\" width=\"300\" height=\"193\" srcset=\"http:\/\/ipv.salta.gov.ar\/wp-content\/uploads\/2014\/12\/La-Merced-anuncio-300x193.jpg 300w, http:\/\/ipv.salta.gov.ar\/wp-content\/uploads\/2014\/12\/La-Merced-anuncio-600x387.jpg 600w, http:\/\/ipv.salta.gov.ar\/wp-content\/uploads\/2014\/12\/La-Merced-anuncio.jpg 640w\" sizes=\"(max-width: 300px) 100vw, 300px\" \/><\/a>\u00a0<strong>El Instituto Provincial de Vivienda beneficia a m\u00e1s familias del interior. En la localidad de La Merced el Gobernador har\u00e1 entrega ma\u00f1ana de las casas construidas con fondos provinciales.<\/strong><\/p>\n<p><!--more--><\/p>\n<p>El gobernador Urtubey entregar\u00e1 a vecinos de la localidad de La Merced, las llaves y carpetas t\u00e9cnicas de su primera vivienda. El acto se realizar\u00e1 ma\u00f1ana a las 16 y contar\u00e1 con la presencia del interventor Mat\u00edas Posadas.<\/p>\n<p>A trav\u00e9s del\u00a0programa\u00a0provincial\u00a0Mi\u00a0Casa, veinte familias recibir\u00e1n sus nuevas viviendas de 45 metros cuadrados de superficie cubierta, con cocina-comedor, dos dormitorios, ba\u00f1o y lavadero externo.<\/p>\n","protected":false},"excerpt":{"rendered":"<p>\u00a0El Instituto Provincial de Vivienda beneficia a m\u00e1s familias del interior. En la localidad de La Merced el Gobernador har\u00e1 entrega ma\u00f1ana de las casas construidas con fondos provinciales.<\/p>\n","protected":false},"author":3,"featured_media":6068,"comment_status":"closed","ping_status":"open","sticky":false,"template":"","format":"standard","meta":{"footnotes":""},"categories":[4,49],"tags":[],"_links":{"self":[{"href":"http:\/\/ipv.salta.gov.ar\/index.php?rest_route=\/wp\/v2\/posts\/6067"}],"collection":[{"href":"http:\/\/ipv.salta.gov.ar\/index.php?rest_route=\/wp\/v2\/posts"}],"about":[{"href":"http:\/\/ipv.salta.gov.ar\/index.php?rest_route=\/wp\/v2\/types\/post"}],"author":[{"embeddable":true,"href":"http:\/\/ipv.salta.gov.ar\/index.php?rest_route=\/wp\/v2\/users\/3"}],"replies":[{"embeddable":true,"href":"http:\/\/ipv.salta.gov.ar\/index.php?rest_route=%2Fwp%2Fv2%2Fcomments&post=6067"}],"version-history":[{"count":1,"href":"http:\/\/ipv.salta.gov.ar\/index.php?rest_route=\/wp\/v2\/posts\/6067\/revisions"}],"predecessor-version":[{"id":6069,"href":"http:\/\/ipv.salta.gov.ar\/index.php?rest_route=\/wp\/v2\/posts\/6067\/revisions\/6069"}],"wp:featuredmedia":[{"embeddable":true,"href":"http:\/\/ipv.salta.gov.ar\/index.php?rest_route=\/wp\/v2\/media\/6068"}],"wp:attachment":[{"href":"http:\/\/ipv.salta.gov.ar\/index.php?rest_route=%2Fwp%2Fv2%2Fmedia&parent=6067"}],"wp:term":[{"taxonomy":"category","embeddable":true,"href":"http:\/\/ipv.salta.gov.ar\/index.php?rest_route=%2Fwp%2Fv2%2Fcategories&post=6067"},{"taxonomy":"post_tag","embeddable":true,"href":"http:\/\/ipv.salta.gov.ar\/index.php?rest_route=%2Fwp%2Fv2%2Ftags&post=6067"}],"curies":[{"name":"wp","href":"https:\/\/api.w.org\/{rel}","templated":true}]}}