{"id":6072,"date":"2014-12-23T08:18:45","date_gmt":"2014-12-23T11:18:45","guid":{"rendered":"http:\/\/ipv.salta.gov.ar\/?p=6072"},"modified":"2014-12-23T08:18:45","modified_gmt":"2014-12-23T11:18:45","slug":"la-provincia-consolida-veinte-hogares-con-la-entrega-de-nuevas-viviendas-en-la-merced","status":"publish","type":"post","link":"http:\/\/ipv.salta.gov.ar\/?p=6072","title":{"rendered":"La Provincia consolida veinte hogares con la entrega de nuevas viviendas en La Merced"},"content":{"rendered":"<p class=\"texto-descripciones2texto-col-222justificado\" style=\"text-align: justify; margin: 0cm 0cm 7.5pt 0cm;\"><strong><span style=\"font-size: 9.5pt; font-family: Helvetica;\"><a href=\"http:\/\/ipv.salta.gov.ar\/wp-content\/uploads\/2014\/12\/22-12-web-gob-entrega-viviendas-la-merced2.jpg\"><img decoding=\"async\" loading=\"lazy\" class=\"alignnone size-medium wp-image-6071\" src=\"http:\/\/ipv.salta.gov.ar\/wp-content\/uploads\/2014\/12\/22-12-web-gob-entrega-viviendas-la-merced2-300x193.jpg\" alt=\"22-12-web-gob-entrega-viviendas-la-merced2\" width=\"300\" height=\"193\" srcset=\"http:\/\/ipv.salta.gov.ar\/wp-content\/uploads\/2014\/12\/22-12-web-gob-entrega-viviendas-la-merced2-300x193.jpg 300w, http:\/\/ipv.salta.gov.ar\/wp-content\/uploads\/2014\/12\/22-12-web-gob-entrega-viviendas-la-merced2.jpg 560w\" sizes=\"(max-width: 300px) 100vw, 300px\" \/><\/a><\/span><\/strong><\/p>\n<p class=\"texto-descripciones2texto-col-222justificado\" style=\"text-align: justify; margin: 0cm 0cm 7.5pt 0cm;\"><strong><span style=\"font-size: 9.5pt; font-family: Helvetica;\">El Gobernador de la Provincia entreg\u00f3 veinte viviendas que permitir\u00e1n desarrollar sue\u00f1os y proyectos de familias de La Merced. En un a\u00f1o r\u00e9cord en licitaci\u00f3n, ejecuci\u00f3n y entrega, fueron miles los salte\u00f1os que en 2014 recibieron su primera casa.<\/span><\/strong><\/p>\n<p class=\"texto-descripciones2texto-col-222justificado\" style=\"text-align: justify; margin: 0cm 0cm 7.5pt 0cm;\"><!--more--><\/p>\n<p style=\"text-align: justify; margin: 0cm 0cm 7.5pt 0cm;\"><span style=\"font-size: 10.5pt; font-family: Helvetica; color: #333333;\">El gobernador Juan Manuel Urtubey con una nueva entrega de viviendas ratific\u00f3 el rumbo de la pol\u00edtica habitacional de la Provincia, en un a\u00f1o r\u00e9cord de construcci\u00f3n de casas que se incrementar\u00e1 en 2015. En La Merced son veinte las familias que finalizar\u00e1n el a\u00f1o en una nueva casa; hoy en un emotivo acto recibieron las llaves y carpetas t\u00e9cnicas de su nuevo hogar.<\/span><\/p>\n<p style=\"text-align: justify; background-position: initial initial; background-repeat: initial initial; margin: 0cm 0cm 7.5pt 0cm;\"><span style=\"font-size: 10.5pt; font-family: Helvetica; color: #333333;\">Susana Catalina Guzm\u00e1n se pronunci\u00f3 en nombre de los beneficiarios del barrio Islas Malvinas. \u201cLo \u00fanico que puedo decir es un mill\u00f3n de gracias por el techo que tenemos con mi familia, es un sue\u00f1o que estamos cumpliendo\u201d, opin\u00f3. Urtubey le tendi\u00f3 un abraz\u00f3 despu\u00e9s de sus palabras y le agradeci\u00f3 la confianza depositada.<\/span><\/p>\n<p style=\"text-align: justify; background-position: initial initial; background-repeat: initial initial; margin: 0cm 0cm 7.5pt 0cm;\"><span style=\"font-size: 10.5pt; font-family: Helvetica; color: #333333;\">El Gobernador pidi\u00f3 a todos los sectores que tienen responsabilidad p\u00fablica unificar esfuerzos, a\u00fan en las diferencias, para que la gente mejore su calidad de vida. \u201cTenemos la misi\u00f3n de hacer que vivan mejor\u201d, indic\u00f3.<\/span><\/p>\n<p style=\"text-align: justify; background-position: initial initial; background-repeat: initial initial; margin: 0cm 0cm 7.5pt 0cm;\"><span style=\"font-size: 10.5pt; font-family: Helvetica; color: #333333;\">A trav\u00e9s del programa provincial Mi Casa del Instituto Provincial de Vivienda (IPV), veinte familias recibieron una casa de 45 metros cuadrados de superficie cubierta, con cocina-comedor, dos dormitorios, ba\u00f1o y lavadero externo. Los terrenos fueron cedidos por la comuna local y los beneficiaron deber\u00e1n pagar una cuota m\u00ednima.<\/span><\/p>\n<p style=\"text-align: justify; background-position: initial initial; background-repeat: initial initial; margin: 0cm 0cm 7.5pt 0cm;\"><span style=\"font-size: 10.5pt; font-family: Helvetica; color: #333333;\">El interventor del IPV, Mat\u00edas Posadas, explic\u00f3 que por la articulaci\u00f3n que se hizo en este caso con la comuna de La Merced, encabezada por el intendente Juan \u00c1ngel P\u00e9rez, se bajaron los costos de construcci\u00f3n; en definitiva esto es un costo menor para los adjudicatarios. Posadas inform\u00f3 que existen otras viviendas en construcci\u00f3n y un nuevo lote est\u00e1 en licitaci\u00f3n.<\/span><\/p>\n<p style=\"text-align: justify; background-position: initial initial; background-repeat: initial initial; margin: 0cm 0cm 7.5pt 0cm;\"><span style=\"font-size: 10.5pt; font-family: Helvetica; color: #333333;\">El gobernador Urtubey entreg\u00f3 las llaves y carpetas t\u00e9cnicas a las familias de Gladys Francisca L\u00f3pez e Ivana Iba\u00f1ez.\u00a0 Acompa\u00f1aron en la entrega, el vicegobernador Andr\u00e9s Zottos, la senadora nacional Cristina Fiore, el intendente de La Merced, Juan \u00c1ngel P\u00e9rez y su par de Cerrillos, Rub\u00e9n Corimayo. Tambi\u00e9n estuvieron el senador del departamento Cerrillos, Alfredo Jorge y el diputado provincial Omar Soches L\u00f3pez.<\/span><\/p>\n<p style=\"text-align: justify; background-position: initial initial; background-repeat: initial initial; margin: 0cm 0cm 7.5pt 0cm;\"><span style=\"font-size: 10.5pt; font-family: Helvetica; color: #333333;\">El intendente P\u00e9rez dijo que el \u201cgobernador nunca se olvida de nuestra zona y por eso Salta lo necesita para que sigamos haciendo viviendas y obras de infraestructura para la gente m\u00e1s necesitada, por eso esta emoci\u00f3n sincera de los que hoy reciben sus casas\u201d, finaliz\u00f3.<\/span><\/p>\n<p style=\"text-align: justify; background-position: initial initial; background-repeat: initial initial; margin: 0cm 0cm 7.5pt 0cm;\"><span style=\"font-size: 10.5pt; font-family: Helvetica; color: #333333;\">El s\u00e1bado pasado familias de Payogasta recibieron sus respectivas casas y esta tarde en el barrio capitalino de San Carlos tambi\u00e9n se entregaron d\u00faplex.<\/span><\/p>\n","protected":false},"excerpt":{"rendered":"<p>El Gobernador de la Provincia entreg\u00f3 veinte viviendas que permitir\u00e1n desarrollar sue\u00f1os y proyectos de familias de La Merced. En un a\u00f1o r\u00e9cord en licitaci\u00f3n, ejecuci\u00f3n y entrega, fueron miles los salte\u00f1os que en 2014 recibieron su primera casa.<\/p>\n","protected":false},"author":3,"featured_media":6071,"comment_status":"closed","ping_status":"open","sticky":false,"template":"","format":"standard","meta":{"footnotes":""},"categories":[4,49],"tags":[],"_links":{"self":[{"href":"http:\/\/ipv.salta.gov.ar\/index.php?rest_route=\/wp\/v2\/posts\/6072"}],"collection":[{"href":"http:\/\/ipv.salta.gov.ar\/index.php?rest_route=\/wp\/v2\/posts"}],"about":[{"href":"http:\/\/ipv.salta.gov.ar\/index.php?rest_route=\/wp\/v2\/types\/post"}],"author":[{"embeddable":true,"href":"http:\/\/ipv.salta.gov.ar\/index.php?rest_route=\/wp\/v2\/users\/3"}],"replies":[{"embeddable":true,"href":"http:\/\/ipv.salta.gov.ar\/index.php?rest_route=%2Fwp%2Fv2%2Fcomments&post=6072"}],"version-history":[{"count":1,"href":"http:\/\/ipv.salta.gov.ar\/index.php?rest_route=\/wp\/v2\/posts\/6072\/revisions"}],"predecessor-version":[{"id":6073,"href":"http:\/\/ipv.salta.gov.ar\/index.php?rest_route=\/wp\/v2\/posts\/6072\/revisions\/6073"}],"wp:featuredmedia":[{"embeddable":true,"href":"http:\/\/ipv.salta.gov.ar\/index.php?rest_route=\/wp\/v2\/media\/6071"}],"wp:attachment":[{"href":"http:\/\/ipv.salta.gov.ar\/index.php?rest_route=%2Fwp%2Fv2%2Fmedia&parent=6072"}],"wp:term":[{"taxonomy":"category","embeddable":true,"href":"http:\/\/ipv.salta.gov.ar\/index.php?rest_route=%2Fwp%2Fv2%2Fcategories&post=6072"},{"taxonomy":"post_tag","embeddable":true,"href":"http:\/\/ipv.salta.gov.ar\/index.php?rest_route=%2Fwp%2Fv2%2Ftags&post=6072"}],"curies":[{"name":"wp","href":"https:\/\/api.w.org\/{rel}","templated":true}]}}