{"id":6075,"date":"2014-12-23T08:21:35","date_gmt":"2014-12-23T11:21:35","guid":{"rendered":"http:\/\/ipv.salta.gov.ar\/?p=6075"},"modified":"2014-12-23T08:21:35","modified_gmt":"2014-12-23T11:21:35","slug":"en-siete-anos-de-gestion-el-gobierno-logro-una-entrega-record-de-viviendas-en-toda-la-provincia","status":"publish","type":"post","link":"http:\/\/ipv.salta.gov.ar\/?p=6075","title":{"rendered":"En siete a\u00f1os de gesti\u00f3n el Gobierno logr\u00f3 una entrega r\u00e9cord de viviendas en toda la provincia"},"content":{"rendered":"<p class=\"texto-descripciones2texto-col-222justificado\" style=\"text-align: justify; margin: 0cm 0cm 7.5pt 0cm;\"><strong><span style=\"font-size: 9.5pt; font-family: Helvetica;\"><a href=\"http:\/\/ipv.salta.gov.ar\/wp-content\/uploads\/2014\/12\/22-12-web-gob-entrega-duplex-barrio-san-carlos.jpg\"><img decoding=\"async\" loading=\"lazy\" class=\"alignnone size-medium wp-image-6074\" src=\"http:\/\/ipv.salta.gov.ar\/wp-content\/uploads\/2014\/12\/22-12-web-gob-entrega-duplex-barrio-san-carlos-300x193.jpg\" alt=\"22-12-web-gob-entrega-duplex-barrio-san-carlos\" width=\"300\" height=\"193\" srcset=\"http:\/\/ipv.salta.gov.ar\/wp-content\/uploads\/2014\/12\/22-12-web-gob-entrega-duplex-barrio-san-carlos-300x193.jpg 300w, http:\/\/ipv.salta.gov.ar\/wp-content\/uploads\/2014\/12\/22-12-web-gob-entrega-duplex-barrio-san-carlos.jpg 560w\" sizes=\"(max-width: 300px) 100vw, 300px\" \/><\/a><\/span><\/strong><\/p>\n<p class=\"texto-descripciones2texto-col-222justificado\" style=\"text-align: justify; margin: 0cm 0cm 7.5pt 0cm;\"><strong><span style=\"font-size: 9.5pt; font-family: Helvetica;\">Se entregaron 16 d\u00faplex y una vivienda\u00a0adaptada para discapacidad motriz en barrio San Carlos.\u00a0<\/span><\/strong><\/p>\n<p class=\"texto-descripciones2texto-col-222justificado\" style=\"text-align: justify; margin: 0cm 0cm 7.5pt 0cm;\"><!--more--><\/p>\n<p style=\"text-align: justify;\">El Gobierno de la Provincia, en los siete a\u00f1os de la actual gesti\u00f3n ya realiz\u00f3 la entrega de 14 mil viviendas a familias de toda la provincia, un hecho hist\u00f3rico para Salta. Est\u00e1 tarde 17 familias m\u00e1s cumplieron el sue\u00f1o de contar con la casa propia, el gobernador Juan Manuel Urtubey fue el encargado de entregar las casas en barrio San Carlos de la ciudad de Salta.<\/p>\n<p style=\"text-align: justify;\">Estas viviendas se sumar\u00e1n a las m\u00e1s de 6 mil que se construir\u00e1n en el a\u00f1o 2015, superando de esta manera las 20 mil casas para familias salte\u00f1as. En forma progresiva pero sin pausa se disminuye el d\u00e9ficit habitacional.<\/p>\n<p style=\"text-align: justify;\">Hoy 17 familias recibieron la documentaci\u00f3n correspondiente y las llaves de los d\u00faplex que cuentan con planta baja con estar-comedor, cocina y lavadero externo y en la planta alta tienen dos dormitorios y un ba\u00f1o. El barrio de la zona sur tambi\u00e9n se realiz\u00f3 la entrega de una vivienda adaptada para personas con discapacidad motriz.<\/p>\n<p style=\"text-align: justify;\">Es la primera vez que el Estado construye estos d\u00faplex que corresponden al Plan Salte\u00f1o, un programa financiado por el Gobierno de la Provincia. Estas modernas unidades tambi\u00e9n se construir\u00e1n en barrio el Huayco y Pereyra Rosas y actualmente est\u00e1n en ejecuci\u00f3n en Parque Belgrano.<\/p>\n<p style=\"text-align: justify;\">Urtubey felicit\u00f3 a cada uno de los adjudicatarios y comparti\u00f3 junto a ellos la alegr\u00eda de contar con la casa propia, que tengan \u201cese lugar donde van a criar a sus hijos y le van a brindar un fututo mejor; a nosotros nos llena de orgullo\u201d, expres\u00f3.<\/p>\n<p style=\"text-align: justify;\">\u00a0Finalmente indic\u00f3 que el Gobierno de Salta seguir\u00e1 construyendo nuevas viviendas para m\u00e1s familias que la necesitan \u201cqueremos que cada vecino de la provincia pueda vivir como se merece\u201d, concluy\u00f3.<\/p>\n<p style=\"text-align: justify;\">La familia Guantay fue la primera en recibir de manos del Gobernador las llaves de su vivienda propia.<\/p>\n<p style=\"text-align: justify;\">El interventor del Instituto Provincial de la Vivienda, Mat\u00edas Posadas, asegur\u00f3 que esta entrega se concret\u00f3 \u201cgracias a la fuerte inversi\u00f3n habitacional que el Gobierno de Salta realiza en cada rinc\u00f3n de la provincia. Es por eso que ya hemos entregado a miles de salte\u00f1os su propia vivienda\u201d.<\/p>\n<p style=\"text-align: justify;\">Acompa\u00f1aron en la entrega el vicegobernador, Andr\u00e9s Zottos, la senadora nacional, Cristina Fiore, el presidente de la C\u00e1mara de Diputados, Manuel Santiago Godoy, el titular de las 62 organizaciones gremiales, Pedro Cruz, autoridades provinciales y familiares de los adjudicatarios.<\/p>\n<p style=\"text-align: justify;\">\n<p>&nbsp;<\/p>\n","protected":false},"excerpt":{"rendered":"<p>Se entregaron 16 d\u00faplex y una vivienda\u00a0adaptada para discapacidad motriz en barrio San Carlos.\u00a0<\/p>\n","protected":false},"author":3,"featured_media":6074,"comment_status":"closed","ping_status":"open","sticky":false,"template":"","format":"standard","meta":{"footnotes":""},"categories":[4,49],"tags":[],"_links":{"self":[{"href":"http:\/\/ipv.salta.gov.ar\/index.php?rest_route=\/wp\/v2\/posts\/6075"}],"collection":[{"href":"http:\/\/ipv.salta.gov.ar\/index.php?rest_route=\/wp\/v2\/posts"}],"about":[{"href":"http:\/\/ipv.salta.gov.ar\/index.php?rest_route=\/wp\/v2\/types\/post"}],"author":[{"embeddable":true,"href":"http:\/\/ipv.salta.gov.ar\/index.php?rest_route=\/wp\/v2\/users\/3"}],"replies":[{"embeddable":true,"href":"http:\/\/ipv.salta.gov.ar\/index.php?rest_route=%2Fwp%2Fv2%2Fcomments&post=6075"}],"version-history":[{"count":1,"href":"http:\/\/ipv.salta.gov.ar\/index.php?rest_route=\/wp\/v2\/posts\/6075\/revisions"}],"predecessor-version":[{"id":6076,"href":"http:\/\/ipv.salta.gov.ar\/index.php?rest_route=\/wp\/v2\/posts\/6075\/revisions\/6076"}],"wp:featuredmedia":[{"embeddable":true,"href":"http:\/\/ipv.salta.gov.ar\/index.php?rest_route=\/wp\/v2\/media\/6074"}],"wp:attachment":[{"href":"http:\/\/ipv.salta.gov.ar\/index.php?rest_route=%2Fwp%2Fv2%2Fmedia&parent=6075"}],"wp:term":[{"taxonomy":"category","embeddable":true,"href":"http:\/\/ipv.salta.gov.ar\/index.php?rest_route=%2Fwp%2Fv2%2Fcategories&post=6075"},{"taxonomy":"post_tag","embeddable":true,"href":"http:\/\/ipv.salta.gov.ar\/index.php?rest_route=%2Fwp%2Fv2%2Ftags&post=6075"}],"curies":[{"name":"wp","href":"https:\/\/api.w.org\/{rel}","templated":true}]}}