{"id":6097,"date":"2015-01-19T18:25:25","date_gmt":"2015-01-19T21:25:25","guid":{"rendered":"http:\/\/ipv.salta.gov.ar\/?p=6097"},"modified":"2015-01-20T08:25:52","modified_gmt":"2015-01-20T11:25:52","slug":"el-ipv-cede-un-terreno-al-arzobispado-de-salta-para-tareas-sociales","status":"publish","type":"post","link":"http:\/\/ipv.salta.gov.ar\/?p=6097","title":{"rendered":"El IPV cede un terreno al Arzobispado de Salta para tareas sociales"},"content":{"rendered":"<p class=\"texto-descripciones2texto-col-222justificado\" style=\"text-align: justify; margin: 0cm 0cm 7.5pt 0cm;\"><strong><span style=\"font-size: 9.5pt; font-family: Helvetica;\"><a href=\"http:\/\/ipv.salta.gov.ar\/wp-content\/uploads\/2015\/01\/19-01-web-ipv-cede-terrenos-arzobispado-1.jpg\"><img decoding=\"async\" loading=\"lazy\" class=\"alignnone size-medium wp-image-6095\" src=\"http:\/\/ipv.salta.gov.ar\/wp-content\/uploads\/2015\/01\/19-01-web-ipv-cede-terrenos-arzobispado-1-300x193.jpg\" alt=\"19-01-web-ipv-cede-terrenos-arzobispado (1)\" width=\"300\" height=\"193\" srcset=\"http:\/\/ipv.salta.gov.ar\/wp-content\/uploads\/2015\/01\/19-01-web-ipv-cede-terrenos-arzobispado-1-300x193.jpg 300w, http:\/\/ipv.salta.gov.ar\/wp-content\/uploads\/2015\/01\/19-01-web-ipv-cede-terrenos-arzobispado-1.jpg 560w\" sizes=\"(max-width: 300px) 100vw, 300px\" \/><\/a><\/span><\/strong><\/p>\n<p class=\"texto-descripciones2texto-col-222justificado\" style=\"text-align: justify; margin: 0cm 0cm 7.5pt 0cm;\"><strong><span style=\"font-size: 9.5pt; font-family: Helvetica;\">El sal\u00f3n que se construir\u00e1 ser\u00e1 reservado para el desarrollo de las actividades que prestar\u00e1 la Parroquia Sagrado Coraz\u00f3n de Jes\u00fas.<\/span><\/strong><\/p>\n<p class=\"texto-descripciones2texto-col-222justificado\" style=\"text-align: justify; margin: 0cm 0cm 7.5pt 0cm;\"><!--more--><\/p>\n<p style=\"text-align: justify; margin: 0cm 0cm 7.5pt 0cm;\"><span style=\"font-size: 10.5pt; font-family: Helvetica; color: #333333;\">El Interventor del IPV Mat\u00edas Posadas formaliz\u00f3 la cesi\u00f3n en comodato de un inmueble ubicado en el norte de la capital salte\u00f1a, a trav\u00e9s de la firma de un convenio con el arzobispo de Salta, monse\u00f1or Mario Antonio Cargnello. El terreno, de poco m\u00e1s de 300 m2, ser\u00e1 destinado a la construcci\u00f3n de un Sal\u00f3n de Usos M\u00faltiples (SUM) en barrio Casta\u00f1ares.<\/span><\/p>\n<p style=\"margin: 0cm; margin-bottom: .0001pt; text-align: justify; background-position: initial initial; background-repeat: initial initial;\"><span style=\"font-size: 10.5pt; font-family: Helvetica; color: #333333;\">El sal\u00f3n que se construir\u00e1 sobre el terreno de 306,99 m2, ser\u00e1 reservado para el desarrollo de las actividades que prestar\u00e1 la Parroquia Sagrado Coraz\u00f3n de Jes\u00fas, con el objetivo de convocar, integrar y motivar a los vecinos con talleres de capacitaci\u00f3n, adem\u00e1s de generar un espacio de encuentro con el compromiso de las familias de la barriada, frente a flagelos tales como las adicciones y la desocupaci\u00f3n.<\/span><\/p>\n<p style=\"margin: 0cm; margin-bottom: .0001pt; text-align: justify; background-position: initial initial; background-repeat: initial initial;\"><span style=\"font-size: 10.5pt; font-family: Helvetica; color: #333333;\">El plazo de duraci\u00f3n del contrato de comodato se establece en cinco a\u00f1os y podr\u00e1 ser prorrogado por igual t\u00e9rmino.<\/span><\/p>\n<p style=\"margin: 0cm; margin-bottom: .0001pt; text-align: justify; background-position: initial initial; background-repeat: initial initial;\"><span style=\"font-size: 10.5pt; font-family: Helvetica; color: #333333;\">El arzobispo Mario Cargnello agradeci\u00f3 al Gobierno de la Provincia por el apoyo constante a la comunidad religiosa y felicit\u00f3 al interventor del IPV por la gesti\u00f3n llevada a cabo desde junio \u00faltimo.<\/span><\/p>\n<p style=\"margin: 0cm; margin-bottom: .0001pt; text-align: justify; background-position: initial initial; background-repeat: initial initial;\"><span style=\"font-size: 10.5pt; font-family: Helvetica; color: #333333;\">Por su parte, el interventor Mat\u00edas Posadas destac\u00f3 la importancia de acompa\u00f1ar a la Iglesia Cat\u00f3lica y otros credos, en iniciativas en las que los principales beneficiados son los vecinos.<\/span><\/p>\n<p style=\"margin: 0cm; margin-bottom: .0001pt; text-align: justify; background-position: initial initial; background-repeat: initial initial;\"><span style=\"font-size: 10.5pt; font-family: Helvetica; color: #333333;\">Posadas tambi\u00e9n destac\u00f3 la posibilidad de aportar desde el Estado Provincial a los proyectos de propongan los distintos cultos para combatir los males de la actualidad, y aludi\u00f3 al documento de la Iglesia Cat\u00f3lica Argentina denominado \u201cEl drama de la droga y el narcotr\u00e1fico\u201d, en el que se sostiene, entre otras cosas, que \u201cla complejidad de este tema es tal que solo ser\u00e1 abordado eficazmente por medio de amplios consensos sociales que deriven en pol\u00edticas p\u00fablicas de corto, mediano y largo alcance\u201d.<\/span><\/p>\n","protected":false},"excerpt":{"rendered":"<p>El sal\u00f3n que se construir\u00e1 ser\u00e1 reservado para el desarrollo de las actividades que prestar\u00e1 la Parroquia Sagrado Coraz\u00f3n de Jes\u00fas.<\/p>\n","protected":false},"author":3,"featured_media":6095,"comment_status":"closed","ping_status":"open","sticky":false,"template":"","format":"standard","meta":{"footnotes":""},"categories":[4,49],"tags":[],"_links":{"self":[{"href":"http:\/\/ipv.salta.gov.ar\/index.php?rest_route=\/wp\/v2\/posts\/6097"}],"collection":[{"href":"http:\/\/ipv.salta.gov.ar\/index.php?rest_route=\/wp\/v2\/posts"}],"about":[{"href":"http:\/\/ipv.salta.gov.ar\/index.php?rest_route=\/wp\/v2\/types\/post"}],"author":[{"embeddable":true,"href":"http:\/\/ipv.salta.gov.ar\/index.php?rest_route=\/wp\/v2\/users\/3"}],"replies":[{"embeddable":true,"href":"http:\/\/ipv.salta.gov.ar\/index.php?rest_route=%2Fwp%2Fv2%2Fcomments&post=6097"}],"version-history":[{"count":1,"href":"http:\/\/ipv.salta.gov.ar\/index.php?rest_route=\/wp\/v2\/posts\/6097\/revisions"}],"predecessor-version":[{"id":6098,"href":"http:\/\/ipv.salta.gov.ar\/index.php?rest_route=\/wp\/v2\/posts\/6097\/revisions\/6098"}],"wp:featuredmedia":[{"embeddable":true,"href":"http:\/\/ipv.salta.gov.ar\/index.php?rest_route=\/wp\/v2\/media\/6095"}],"wp:attachment":[{"href":"http:\/\/ipv.salta.gov.ar\/index.php?rest_route=%2Fwp%2Fv2%2Fmedia&parent=6097"}],"wp:term":[{"taxonomy":"category","embeddable":true,"href":"http:\/\/ipv.salta.gov.ar\/index.php?rest_route=%2Fwp%2Fv2%2Fcategories&post=6097"},{"taxonomy":"post_tag","embeddable":true,"href":"http:\/\/ipv.salta.gov.ar\/index.php?rest_route=%2Fwp%2Fv2%2Ftags&post=6097"}],"curies":[{"name":"wp","href":"https:\/\/api.w.org\/{rel}","templated":true}]}}