{"id":6099,"date":"2015-01-20T08:00:09","date_gmt":"2015-01-20T11:00:09","guid":{"rendered":"http:\/\/ipv.salta.gov.ar\/?p=6099"},"modified":"2015-01-20T10:08:45","modified_gmt":"2015-01-20T13:08:45","slug":"cien-familias-de-rosario-de-lerma-cumplieron-el-sueno-de-la-vivienda-propia","status":"publish","type":"post","link":"http:\/\/ipv.salta.gov.ar\/?p=6099","title":{"rendered":"Cien familias de Rosario de Lerma cumplieron el sue\u00f1o de la vivienda propia"},"content":{"rendered":"<p><a href=\"http:\/\/ipv.salta.gov.ar\/wp-content\/uploads\/2015\/01\/Entrega-R\u00ba-de-Lerma.jpg\"><img decoding=\"async\" loading=\"lazy\" class=\"alignnone size-medium wp-image-6102\" src=\"http:\/\/ipv.salta.gov.ar\/wp-content\/uploads\/2015\/01\/Entrega-R\u00ba-de-Lerma-300x225.jpg\" alt=\"Entrega R\u00ba de Lerma\" width=\"300\" height=\"225\" srcset=\"http:\/\/ipv.salta.gov.ar\/wp-content\/uploads\/2015\/01\/Entrega-R\u00ba-de-Lerma-300x225.jpg 300w, http:\/\/ipv.salta.gov.ar\/wp-content\/uploads\/2015\/01\/Entrega-R\u00ba-de-Lerma-600x450.jpg 600w, http:\/\/ipv.salta.gov.ar\/wp-content\/uploads\/2015\/01\/Entrega-R\u00ba-de-Lerma.jpg 960w\" sizes=\"(max-width: 300px) 100vw, 300px\" \/><\/a><\/p>\n<p class=\"texto-descripciones2texto-col-222justificado\" style=\"text-align: justify; margin: 0cm 0cm 7.5pt 0cm;\"><strong><span style=\"font-size: 9.5pt; font-family: Helvetica;\">En el acto de entrega de viviendas, el gobernador Urtubey destac\u00f3 el desarrollo de la localidad vallista y el intendente Ramos enumer\u00f3 las diversas obras que permiten el avance social y productivo del municipio.<\/span><\/strong><\/p>\n<p class=\"texto-descripciones2texto-col-222justificado\" style=\"text-align: justify; margin: 0cm 0cm 7.5pt 0cm;\"><!--more--><\/p>\n<p style=\"margin: 0cm; margin-bottom: .0001pt; text-align: justify;\"><span style=\"font-size: 10.5pt; font-family: Helvetica; color: #333333;\">En una nueva entrega de viviendas que se realiz\u00f3 es tarde, cien familias de la localidad de Rosario de Lerma recibieron y concretaron su sue\u00f1o de contar con su propia casa. El gobernador<strong><span style=\"font-family: Helvetica;\">\u00a0Juan Manuel Urtubey\u00a0<\/span><\/strong>encabez\u00f3 el acto de entrega y comparti\u00f3 la alegr\u00eda con los vecinos del Valle de Lerma.<\/span><\/p>\n<p style=\"text-align: justify; background-position: initial initial; background-repeat: initial initial; margin: 0cm 0cm 7.5pt 0cm;\"><span style=\"font-size: 10.5pt; font-family: Helvetica; color: #333333;\">\u201cSomos el Gobierno que m\u00e1s viviendas hizo en toda la historia de Salta\u201d, afirm\u00f3 Urtubey y asegur\u00f3 que \u201ctodav\u00eda hay m\u00e1s familias que necesitan contar con su propia casa. Es por eso que vamos a seguir construyendo m\u00e1s viviendas en todo el territorio provincial\u201d.<\/span><\/p>\n<p style=\"text-align: justify; background-position: initial initial; background-repeat: initial initial; margin: 0cm 0cm 7.5pt 0cm;\"><span style=\"font-size: 10.5pt; font-family: Helvetica; color: #333333;\">El mandatario indic\u00f3 que en 2015 el Gobierno de Salta nuevamente va romper el record de construcci\u00f3n de viviendas \u201cesto lo hacemos porque queremos que los vecinos de nuestra Salta querida puedan vivir dignamente\u201d, asegur\u00f3.<\/span><\/p>\n<p style=\"text-align: justify; background-position: initial initial; background-repeat: initial initial; margin: 0cm 0cm 7.5pt 0cm;\"><span style=\"font-size: 10.5pt; font-family: Helvetica; color: #333333;\">En materia de desarrollo urban\u00edstico de Rosario de Lerma, el Gobernador dijo que se avanz\u00f3 much\u00edsimo en los \u00faltimos a\u00f1os \u201cpero a\u00fan falta mucho por hacer y juntos con este proyecto pol\u00edtico que le est\u00e1 cambiando la vida a los m\u00e1s humildes vamos a poder lograr muchas cosas m\u00e1s y de esa manera podamos construir ese Rosario de Lerma, esa Salta y Argentina que nos debemos y que sea justa para todos\u201d, concluy\u00f3.<\/span><\/p>\n<p style=\"text-align: justify; background-position: initial initial; background-repeat: initial initial; margin: 0cm 0cm 7.5pt 0cm;\"><span style=\"font-size: 10.5pt; font-family: Helvetica; color: #333333;\">Las viviendas cuentan con cocina-comedor, dos dormitorios, ba\u00f1o y lavadero externo y todos los servicios necesarios para ser habitadas.\u00a0 La familia Rodr\u00edguez fue la primera en recibir las llaves de su vivienda de manos del Gobernador.<\/span><\/p>\n<p style=\"margin: 0cm; margin-bottom: .0001pt; text-align: justify; background-position: initial initial; background-repeat: initial initial;\"><span style=\"font-size: 10.5pt; font-family: Helvetica; color: #333333;\">El intendente de Rosario de Lerma,\u00a0<strong><span style=\"font-family: Helvetica;\">Sergio Ramos<\/span><\/strong>\u00a0expres\u00f3 la llegada al Gobierno de Juan Manuel Urtubey \u201cpermiti\u00f3 un gran desarrollo, como nunca antes, en esta localidad. La cantidad de viviendas entregadas en toda la provincia marca un hecho hist\u00f3rico\u201d.<\/span><\/p>\n<p style=\"text-align: justify; background-position: initial initial; background-repeat: initial initial; margin: 0cm 0cm 7.5pt 0cm;\"><span style=\"font-size: 10.5pt; font-family: Helvetica; color: #333333;\">En la oportunidad\u00a0 el jefe comunal enumer\u00f3 las importantes obras que cambiaron la vida de los rosarinos \u201ccon Urtubey lleg\u00f3 el gas a miles de familias de Rosario de Lerma\u201d, expres\u00f3.<\/span><\/p>\n<p style=\"text-align: justify; background-position: initial initial; background-repeat: initial initial; margin: 0cm 0cm 7.5pt 0cm;\"><span style=\"font-size: 10.5pt; font-family: Helvetica; color: #333333;\">La iluminaci\u00f3n de la ruta que une Rosario con Campo Quijano, el boleto gratuito para estudiantes y jubilados, la construcci\u00f3n de la escuela de artes y oficios que se construir\u00e1 en el municipio, como as\u00ed tambi\u00e9n el reciente convenio para pavimentar los barrios donde circula el servicio de transporte p\u00fablico, fueron enumeradas por el intendente.<\/span><\/p>\n<p style=\"text-align: justify; background-position: initial initial; background-repeat: initial initial; margin: 0cm 0cm 7.5pt 0cm;\"><span style=\"font-size: 10.5pt; font-family: Helvetica; color: #333333;\">Ramos tambi\u00e9n manifest\u00f3 que la obra de 12.000 hect\u00e1reas de riego por ca\u00f1er\u00eda permitir\u00e1 que en invierno todo el Valle de Lerma podr\u00e1 contar con agua para la producci\u00f3n \u201cesta decisi\u00f3n del Gobernador es algo hist\u00f3rico; es por eso que vamos a seguir apoyando esta gesti\u00f3n porque este es el Gobierno que le da soluciones a toda nuestra gente\u201d, se\u00f1al\u00f3.<\/span><\/p>\n<p style=\"margin: 0cm; margin-bottom: .0001pt; text-align: justify; background-position: initial initial; background-repeat: initial initial;\"><span style=\"font-size: 10.5pt; font-family: Helvetica; color: #333333;\">Acompa\u00f1aron en el acto de entrega, el vicegobernador\u00a0<strong><span style=\"font-family: Helvetica;\">Andr\u00e9s Zottos<\/span><\/strong>, el interventor del Instituto Provincial de la Vivienda,\u00a0<strong><span style=\"font-family: Helvetica;\">Mat\u00edas Posadas<\/span><\/strong>, el diputado nacional\u00a0<strong><span style=\"font-family: Helvetica;\">Pablo Kosiner<\/span><\/strong>, ministros y secretarios del Ejecutivo Provincial, intendentes de localidades vecinas, <\/span><\/p>\n<p style=\"margin: 0cm; margin-bottom: .0001pt; text-align: justify;\"><span style=\"font-size: 10.5pt; font-family: Helvetica; color: #333333;\">representantes de gremios provinciales, y vecinos del municipio.<\/span><\/p>\n","protected":false},"excerpt":{"rendered":"<p>En el acto de entrega de viviendas, el gobernador Urtubey destac\u00f3 el desarrollo de la localidad vallista y el intendente Ramos enumer\u00f3 las diversas obras que permiten el avance social y productivo del municipio.<\/p>\n","protected":false},"author":3,"featured_media":6102,"comment_status":"closed","ping_status":"open","sticky":false,"template":"","format":"standard","meta":{"footnotes":""},"categories":[4,49],"tags":[],"_links":{"self":[{"href":"http:\/\/ipv.salta.gov.ar\/index.php?rest_route=\/wp\/v2\/posts\/6099"}],"collection":[{"href":"http:\/\/ipv.salta.gov.ar\/index.php?rest_route=\/wp\/v2\/posts"}],"about":[{"href":"http:\/\/ipv.salta.gov.ar\/index.php?rest_route=\/wp\/v2\/types\/post"}],"author":[{"embeddable":true,"href":"http:\/\/ipv.salta.gov.ar\/index.php?rest_route=\/wp\/v2\/users\/3"}],"replies":[{"embeddable":true,"href":"http:\/\/ipv.salta.gov.ar\/index.php?rest_route=%2Fwp%2Fv2%2Fcomments&post=6099"}],"version-history":[{"count":2,"href":"http:\/\/ipv.salta.gov.ar\/index.php?rest_route=\/wp\/v2\/posts\/6099\/revisions"}],"predecessor-version":[{"id":6103,"href":"http:\/\/ipv.salta.gov.ar\/index.php?rest_route=\/wp\/v2\/posts\/6099\/revisions\/6103"}],"wp:featuredmedia":[{"embeddable":true,"href":"http:\/\/ipv.salta.gov.ar\/index.php?rest_route=\/wp\/v2\/media\/6102"}],"wp:attachment":[{"href":"http:\/\/ipv.salta.gov.ar\/index.php?rest_route=%2Fwp%2Fv2%2Fmedia&parent=6099"}],"wp:term":[{"taxonomy":"category","embeddable":true,"href":"http:\/\/ipv.salta.gov.ar\/index.php?rest_route=%2Fwp%2Fv2%2Fcategories&post=6099"},{"taxonomy":"post_tag","embeddable":true,"href":"http:\/\/ipv.salta.gov.ar\/index.php?rest_route=%2Fwp%2Fv2%2Ftags&post=6099"}],"curies":[{"name":"wp","href":"https:\/\/api.w.org\/{rel}","templated":true}]}}