{"id":6107,"date":"2015-01-21T18:27:42","date_gmt":"2015-01-21T21:27:42","guid":{"rendered":"http:\/\/ipv.salta.gov.ar\/?p=6107"},"modified":"2015-01-22T08:18:07","modified_gmt":"2015-01-22T11:18:07","slug":"el-ipv-analizara-la-demanda-habitacional-de-afiliados-a-la-cta","status":"publish","type":"post","link":"http:\/\/ipv.salta.gov.ar\/?p=6107","title":{"rendered":"El IPV analizar\u00e1 la demanda habitacional de afiliados a la CTA"},"content":{"rendered":"<p><a href=\"http:\/\/ipv.salta.gov.ar\/wp-content\/uploads\/2015\/01\/IMG_4141-1.jpg\"><img decoding=\"async\" loading=\"lazy\" class=\"alignnone size-medium wp-image-6108\" src=\"http:\/\/ipv.salta.gov.ar\/wp-content\/uploads\/2015\/01\/IMG_4141-1-300x200.jpg\" alt=\"IMG_4141 (1)\" width=\"300\" height=\"200\" srcset=\"http:\/\/ipv.salta.gov.ar\/wp-content\/uploads\/2015\/01\/IMG_4141-1-300x200.jpg 300w, http:\/\/ipv.salta.gov.ar\/wp-content\/uploads\/2015\/01\/IMG_4141-1-600x400.jpg 600w\" sizes=\"(max-width: 300px) 100vw, 300px\" \/><\/a><\/p>\n<p style=\"text-align: justify;\"><strong>El interventor del IPV recibi\u00f3 al secretario general de La Central de Trabajadores Argentinos Salta para analizar la demanda de vivienda de los trabajadores del sector, que cuenta con m\u00e1s de 15 mil afiliados en la Provincia.<\/strong><\/p>\n<p style=\"text-align: justify;\"><!--more--><\/p>\n<p style=\"text-align: justify;\">El interventor del IPV Mat\u00edas Posadas recibi\u00f3 al secretario general de la CTA Fernando Mazzone, quien representa, a trav\u00e9s de la Central de Trabajadores Argentinos, a distintos gremios de empleados estatales de la Provincia y los municipios de Capital y el interior.<\/p>\n<p style=\"text-align: justify;\">Como en los acuerdos previos con sindicatos y asociaciones de trabajadores de sectores p\u00fablicos y privados, Posadas solicit\u00f3 a los referentes de la CTA la elaboraci\u00f3n de un listado de afiliados cuyas familias requieren viviendas.<\/p>\n<p style=\"text-align: justify;\">\u201cDe esa forma se agiliza la elaboraci\u00f3n de n\u00f3minas y se obtiene mayor precisi\u00f3n en los padrones de postulantes del IPV\u201d, explic\u00f3 Posadas, y destac\u00f3 el rol y responsabilidad de los sindicatos que ejercen la defensa de los derechos de sus representados.<\/p>\n<p style=\"text-align: justify;\">El funcionario ratific\u00f3 que \u201cla tarea conjunta con los gremios asegura que los trabajadores de toda la provincia accedan a una inscripci\u00f3n justa y equitativa, gracias al trabajo de preselecci\u00f3n y apoyo que llevan adelante sus representantes\u201d.<\/p>\n","protected":false},"excerpt":{"rendered":"<p>El interventor del IPV recibi\u00f3 al secretario general de La Central de Trabajadores Argentinos Salta para analizar la demanda de vivienda de los trabajadores del sector, que cuenta con m\u00e1s de 15 mil afiliados en la Provincia.<\/p>\n","protected":false},"author":3,"featured_media":6108,"comment_status":"closed","ping_status":"open","sticky":false,"template":"","format":"standard","meta":{"footnotes":""},"categories":[4,49],"tags":[],"_links":{"self":[{"href":"http:\/\/ipv.salta.gov.ar\/index.php?rest_route=\/wp\/v2\/posts\/6107"}],"collection":[{"href":"http:\/\/ipv.salta.gov.ar\/index.php?rest_route=\/wp\/v2\/posts"}],"about":[{"href":"http:\/\/ipv.salta.gov.ar\/index.php?rest_route=\/wp\/v2\/types\/post"}],"author":[{"embeddable":true,"href":"http:\/\/ipv.salta.gov.ar\/index.php?rest_route=\/wp\/v2\/users\/3"}],"replies":[{"embeddable":true,"href":"http:\/\/ipv.salta.gov.ar\/index.php?rest_route=%2Fwp%2Fv2%2Fcomments&post=6107"}],"version-history":[{"count":2,"href":"http:\/\/ipv.salta.gov.ar\/index.php?rest_route=\/wp\/v2\/posts\/6107\/revisions"}],"predecessor-version":[{"id":6116,"href":"http:\/\/ipv.salta.gov.ar\/index.php?rest_route=\/wp\/v2\/posts\/6107\/revisions\/6116"}],"wp:featuredmedia":[{"embeddable":true,"href":"http:\/\/ipv.salta.gov.ar\/index.php?rest_route=\/wp\/v2\/media\/6108"}],"wp:attachment":[{"href":"http:\/\/ipv.salta.gov.ar\/index.php?rest_route=%2Fwp%2Fv2%2Fmedia&parent=6107"}],"wp:term":[{"taxonomy":"category","embeddable":true,"href":"http:\/\/ipv.salta.gov.ar\/index.php?rest_route=%2Fwp%2Fv2%2Fcategories&post=6107"},{"taxonomy":"post_tag","embeddable":true,"href":"http:\/\/ipv.salta.gov.ar\/index.php?rest_route=%2Fwp%2Fv2%2Ftags&post=6107"}],"curies":[{"name":"wp","href":"https:\/\/api.w.org\/{rel}","templated":true}]}}