{"id":7892,"date":"2017-02-14T07:27:19","date_gmt":"2017-02-14T10:27:19","guid":{"rendered":"http:\/\/ipv.salta.gov.ar\/?p=7892"},"modified":"2017-02-14T08:29:35","modified_gmt":"2017-02-14T11:29:35","slug":"manana-y-el-miercoles-el-ipv-inscribira-y-actualizara-carpetas-en-animana","status":"publish","type":"post","link":"http:\/\/ipv.salta.gov.ar\/?p=7892","title":{"rendered":"El IPV inscribir\u00e1 y actualizar\u00e1 carpetas en Animan\u00e1"},"content":{"rendered":"<p class=\"texto-descripciones2texto-col-222justificado\" style=\"text-align: justify; margin: 0cm 0cm 7.5pt 0cm;\"><span style=\"font-size: 9.5pt; font-family: Helvetica;\"><strong><img decoding=\"async\" loading=\"lazy\" class=\"size-medium wp-image-7894 alignleft\" src=\"http:\/\/ipv.salta.gov.ar\/wp-content\/uploads\/2017\/02\/Sede-300x221.jpg\" alt=\"Sede\" width=\"300\" height=\"221\" srcset=\"http:\/\/ipv.salta.gov.ar\/wp-content\/uploads\/2017\/02\/Sede-300x221.jpg 300w, http:\/\/ipv.salta.gov.ar\/wp-content\/uploads\/2017\/02\/Sede-768x565.jpg 768w, http:\/\/ipv.salta.gov.ar\/wp-content\/uploads\/2017\/02\/Sede-600x441.jpg 600w\" sizes=\"(max-width: 300px) 100vw, 300px\" \/>La atenci\u00f3n se realizar\u00e1 en las oficinas de la municipalidad por la ma\u00f1ana y tarde.<\/strong><\/span><!--more--><\/p>\n<p style=\"text-align: justify; margin: 0cm 0cm 7.5pt 0cm;\"><span style=\"font-size: 10.5pt; font-family: Helvetica; color: #333333;\">Ante la proximidad de un nuevo sorteo, agentes del Instituto Provincial de Vivienda (IPV) visitar\u00e1n hoy martes 14 y ma\u00f1ana mi\u00e9rcoles 15, la localidad de Animan\u00e1 para realizar inscripciones y actualizaci\u00f3n de datos.<\/span><\/p>\n<p style=\"text-align: justify; font-stretch: normal; margin: 0cm 0cm 7.5pt 0cm;\"><span style=\"font-size: 10.5pt; font-family: Helvetica; color: #333333;\">La atenci\u00f3n se realizar\u00e1 en las instalaciones de la municipalidad, a partir de las 10:30 hasta las 13:00 y por la tarde de 16:00 a 20:00 horas, mientras que el d\u00eda mi\u00e9rcoles solo por la ma\u00f1ana de 8:00 a 12:00 horas.\u00a0<\/span><\/p>\n<p style=\"text-align: justify; font-stretch: normal; margin: 0cm 0cm 7.5pt 0cm;\"><span style=\"font-size: 10.5pt; font-family: Helvetica; color: #333333;\">Los postulantes deber\u00e1n asistir con DNI y toda la documentaci\u00f3n necesaria, junto a los originales y copias. Los mismos pueden consultar los requisitos de inscripci\u00f3n ingresando a la web del organismo www.ipvsalta.gob.ar.<\/span><\/p>\n<p style=\"text-align: justify; font-stretch: normal; margin: 0cm 0cm 7.5pt 0cm;\"><span style=\"font-size: 10.5pt; font-family: Helvetica; color: #333333;\">Cabe recalcar que las 30 viviendas en Animan\u00e1 se encuentran en ejecuci\u00f3n y con un importante avance en las obras.<\/span><\/p>\n","protected":false},"excerpt":{"rendered":"<p>La atenci\u00f3n se realizar\u00e1 en las oficinas de la municipalidad por la ma\u00f1ana y tarde.<\/p>\n","protected":false},"author":3,"featured_media":7894,"comment_status":"closed","ping_status":"closed","sticky":false,"template":"","format":"standard","meta":{"footnotes":""},"categories":[4,49],"tags":[],"_links":{"self":[{"href":"http:\/\/ipv.salta.gov.ar\/index.php?rest_route=\/wp\/v2\/posts\/7892"}],"collection":[{"href":"http:\/\/ipv.salta.gov.ar\/index.php?rest_route=\/wp\/v2\/posts"}],"about":[{"href":"http:\/\/ipv.salta.gov.ar\/index.php?rest_route=\/wp\/v2\/types\/post"}],"author":[{"embeddable":true,"href":"http:\/\/ipv.salta.gov.ar\/index.php?rest_route=\/wp\/v2\/users\/3"}],"replies":[{"embeddable":true,"href":"http:\/\/ipv.salta.gov.ar\/index.php?rest_route=%2Fwp%2Fv2%2Fcomments&post=7892"}],"version-history":[{"count":4,"href":"http:\/\/ipv.salta.gov.ar\/index.php?rest_route=\/wp\/v2\/posts\/7892\/revisions"}],"predecessor-version":[{"id":7903,"href":"http:\/\/ipv.salta.gov.ar\/index.php?rest_route=\/wp\/v2\/posts\/7892\/revisions\/7903"}],"wp:featuredmedia":[{"embeddable":true,"href":"http:\/\/ipv.salta.gov.ar\/index.php?rest_route=\/wp\/v2\/media\/7894"}],"wp:attachment":[{"href":"http:\/\/ipv.salta.gov.ar\/index.php?rest_route=%2Fwp%2Fv2%2Fmedia&parent=7892"}],"wp:term":[{"taxonomy":"category","embeddable":true,"href":"http:\/\/ipv.salta.gov.ar\/index.php?rest_route=%2Fwp%2Fv2%2Fcategories&post=7892"},{"taxonomy":"post_tag","embeddable":true,"href":"http:\/\/ipv.salta.gov.ar\/index.php?rest_route=%2Fwp%2Fv2%2Ftags&post=7892"}],"curies":[{"name":"wp","href":"https:\/\/api.w.org\/{rel}","templated":true}]}}