{"id":9441,"date":"2018-12-27T08:20:46","date_gmt":"2018-12-27T11:20:46","guid":{"rendered":"http:\/\/ipv.salta.gov.ar\/?p=9441"},"modified":"2018-12-27T08:20:46","modified_gmt":"2018-12-27T11:20:46","slug":"el-gobierno-entregara-viviendas-a-medicos-que-prestan-servicios-en-cafayate","status":"publish","type":"post","link":"http:\/\/ipv.salta.gov.ar\/?p=9441","title":{"rendered":"El Gobierno entregar\u00e1 viviendas a m\u00e9dicos que prestan servicios en Cafayate"},"content":{"rendered":"<p><strong><img decoding=\"async\" loading=\"lazy\" class=\"size-medium wp-image-9440 alignleft\" src=\"http:\/\/ipv.salta.gov.ar\/wp-content\/uploads\/2018\/12\/26-12-cafayate-300x200.jpg\" alt=\"\" width=\"300\" height=\"200\" srcset=\"http:\/\/ipv.salta.gov.ar\/wp-content\/uploads\/2018\/12\/26-12-cafayate-300x200.jpg 300w, http:\/\/ipv.salta.gov.ar\/wp-content\/uploads\/2018\/12\/26-12-cafayate-768x512.jpg 768w, http:\/\/ipv.salta.gov.ar\/wp-content\/uploads\/2018\/12\/26-12-cafayate-600x400.jpg 600w, http:\/\/ipv.salta.gov.ar\/wp-content\/uploads\/2018\/12\/26-12-cafayate.jpg 1000w\" sizes=\"(max-width: 300px) 100vw, 300px\" \/>Se trata de tres unidades que forman parte del plan de ejecuci\u00f3n de viviendas del IPV en terrenos de los hospitales o zonas cercanas destinadas a profesionales que se desempe\u00f1an en el \u00e1rea operativa. El acto ser\u00e1 hoy a las 12:30.<\/strong><!--more--><\/p>\n<p>El ministro de Salud P\u00fablica, <strong>Roque Mascarello<\/strong> y el presidente del Instituto Provincial de Viviendas, Sergio Zorpudes, realizar\u00e1n hoy a las 12:30 la entrega de tres\u00a0casas a profesionales que se desempe\u00f1an en el \u00e1rea operativa de Cafayate, que tiene como cabecera al hospital Nuestra Se\u00f1ora del Rosario.<\/p>\n<p>Estas unidades habitacionales forman parte del plan de viviendas que ejecuta el IPV en terrenos de los hospitales o zonas cercanas, destinadas a m\u00e9dicos que por cumplir funciones fuera de su lugar de residencia deben trasladarse al interior de la provincia.<\/p>\n","protected":false},"excerpt":{"rendered":"<p>Se trata de tres unidades que forman parte del plan de ejecuci\u00f3n de viviendas del IPV en terrenos de los hospitales o zonas cercanas destinadas a profesionales que se desempe\u00f1an en el \u00e1rea operativa. El acto ser\u00e1 hoy a las 12:30.<\/p>\n","protected":false},"author":3,"featured_media":9440,"comment_status":"closed","ping_status":"closed","sticky":false,"template":"","format":"standard","meta":{"footnotes":""},"categories":[4,49],"tags":[],"_links":{"self":[{"href":"http:\/\/ipv.salta.gov.ar\/index.php?rest_route=\/wp\/v2\/posts\/9441"}],"collection":[{"href":"http:\/\/ipv.salta.gov.ar\/index.php?rest_route=\/wp\/v2\/posts"}],"about":[{"href":"http:\/\/ipv.salta.gov.ar\/index.php?rest_route=\/wp\/v2\/types\/post"}],"author":[{"embeddable":true,"href":"http:\/\/ipv.salta.gov.ar\/index.php?rest_route=\/wp\/v2\/users\/3"}],"replies":[{"embeddable":true,"href":"http:\/\/ipv.salta.gov.ar\/index.php?rest_route=%2Fwp%2Fv2%2Fcomments&post=9441"}],"version-history":[{"count":1,"href":"http:\/\/ipv.salta.gov.ar\/index.php?rest_route=\/wp\/v2\/posts\/9441\/revisions"}],"predecessor-version":[{"id":9442,"href":"http:\/\/ipv.salta.gov.ar\/index.php?rest_route=\/wp\/v2\/posts\/9441\/revisions\/9442"}],"wp:featuredmedia":[{"embeddable":true,"href":"http:\/\/ipv.salta.gov.ar\/index.php?rest_route=\/wp\/v2\/media\/9440"}],"wp:attachment":[{"href":"http:\/\/ipv.salta.gov.ar\/index.php?rest_route=%2Fwp%2Fv2%2Fmedia&parent=9441"}],"wp:term":[{"taxonomy":"category","embeddable":true,"href":"http:\/\/ipv.salta.gov.ar\/index.php?rest_route=%2Fwp%2Fv2%2Fcategories&post=9441"},{"taxonomy":"post_tag","embeddable":true,"href":"http:\/\/ipv.salta.gov.ar\/index.php?rest_route=%2Fwp%2Fv2%2Ftags&post=9441"}],"curies":[{"name":"wp","href":"https:\/\/api.w.org\/{rel}","templated":true}]}}