{"id":9963,"date":"2019-12-06T19:34:00","date_gmt":"2019-12-06T22:34:00","guid":{"rendered":"http:\/\/ipv.salta.gov.ar\/?p=9963"},"modified":"2019-12-09T07:37:47","modified_gmt":"2019-12-09T10:37:47","slug":"el-ipv-entrego-viviendas-y-soluciones-habitacionales-en-el-departamento-san-martin","status":"publish","type":"post","link":"http:\/\/ipv.salta.gov.ar\/?p=9963","title":{"rendered":"El IPV entreg\u00f3 viviendas y soluciones habitacionales en el departamento San Mart\u00edn"},"content":{"rendered":"<figure class=\"wp-block-image size-large\"><img decoding=\"async\" loading=\"lazy\" width=\"600\" height=\"400\" src=\"http:\/\/ipv.salta.gov.ar\/wp-content\/uploads\/2019\/12\/El-IPV-entreg\u00f3-viviendas-y-soluciones-habitacionales-en-el-departamento-San-Mart\u00edn-600x400.jpg\" alt=\"\" class=\"wp-image-9962\" srcset=\"http:\/\/ipv.salta.gov.ar\/wp-content\/uploads\/2019\/12\/El-IPV-entreg\u00f3-viviendas-y-soluciones-habitacionales-en-el-departamento-San-Mart\u00edn-600x400.jpg 600w, http:\/\/ipv.salta.gov.ar\/wp-content\/uploads\/2019\/12\/El-IPV-entreg\u00f3-viviendas-y-soluciones-habitacionales-en-el-departamento-San-Mart\u00edn-300x200.jpg 300w, http:\/\/ipv.salta.gov.ar\/wp-content\/uploads\/2019\/12\/El-IPV-entreg\u00f3-viviendas-y-soluciones-habitacionales-en-el-departamento-San-Mart\u00edn-768x512.jpg 768w, http:\/\/ipv.salta.gov.ar\/wp-content\/uploads\/2019\/12\/El-IPV-entreg\u00f3-viviendas-y-soluciones-habitacionales-en-el-departamento-San-Mart\u00edn.jpg 1000w\" sizes=\"(max-width: 600px) 100vw, 600px\" \/><\/figure>\n<p><strong>Abor\u00edgenes y criollos de Aguaray, General Ballivi\u00e1n y Tartagal recibieron la documentaci\u00f3n t\u00e9cnica a trav\u00e9s de los programas de Vivienda y Mejoramiento del H\u00e1bitat de Pueblos Originarios y Rurales, Mi casa y Recuperaci\u00f3n.<\/strong><\/p>\n<p><!--more--><\/p>\n<p>El Instituto Provincial de Vivienda (IPV) realiz\u00f3<br \/>\nla entrega de carpetas t\u00e9cnicas correspondientes a viviendas y soluciones<br \/>\nhabitacionales de comunidades abor\u00edgenes y criollos de las localidades de<br \/>\nAguaray, General Ballivi\u00e1n y Tartagal.<\/p>\n<p>A trav\u00e9s del Programa Federal de Mejoramiento del<br \/>\nH\u00e1bitat de Pueblos Originarios y Rurales, 6 familias de la Comunidad Guaran\u00ed<br \/>\nPiquirenda F\u00e1tima, 4 de la Comunidad Chan\u00e9 de la localidad de Aguaray&nbsp; y 6<br \/>\nde la Comunidad Chorote de Tartagal, recibieron sus viviendas, que constan de<br \/>\ntres dormitorios, estar comedor, cocina, ba\u00f1o y lavadero externo.<\/p>\n<p>Por otra parte, con el Programa Recuperaci\u00f3n y<br \/>\nfondos netamente provinciales se hizo entrega de 10 soluciones habitacionales<br \/>\ncon dos dormitorios, a criollos de General Ballivi\u00e1n, para la mejora y<br \/>\nampliaci\u00f3n de viviendas deficitarias existentes.<\/p>\n<p>Tambi\u00e9n, 18 familias de Tartagal y un caso especial<br \/>\npor discapacidad de Campo Dur\u00e1n en Aguaray recibieron sus viviendas del<br \/>\nPrograma Provincial Mi Casa, a trav\u00e9s de un trabajo mancomunado entre el<br \/>\norganismo y el municipio.<\/p>\n<p>Participaron en las entregas el jefe de la Unidad<br \/>\nEjecutora, Juan Carlos Bernasconi, del IPV, caciques de las comunidades<br \/>\nbeneficiadas, vocales del IPPIS y municipales.<\/p>\n","protected":false},"excerpt":{"rendered":"<p>Abor\u00edgenes y criollos de Aguaray, General Ballivi\u00e1n y Tartagal recibieron la documentaci\u00f3n t\u00e9cnica a trav\u00e9s de los programas de Vivienda y Mejoramiento del H\u00e1bitat de Pueblos Originarios y Rurales, Mi casa y Recuperaci\u00f3n.<\/p>\n","protected":false},"author":3,"featured_media":9962,"comment_status":"closed","ping_status":"closed","sticky":false,"template":"","format":"standard","meta":{"footnotes":""},"categories":[4],"tags":[],"_links":{"self":[{"href":"http:\/\/ipv.salta.gov.ar\/index.php?rest_route=\/wp\/v2\/posts\/9963"}],"collection":[{"href":"http:\/\/ipv.salta.gov.ar\/index.php?rest_route=\/wp\/v2\/posts"}],"about":[{"href":"http:\/\/ipv.salta.gov.ar\/index.php?rest_route=\/wp\/v2\/types\/post"}],"author":[{"embeddable":true,"href":"http:\/\/ipv.salta.gov.ar\/index.php?rest_route=\/wp\/v2\/users\/3"}],"replies":[{"embeddable":true,"href":"http:\/\/ipv.salta.gov.ar\/index.php?rest_route=%2Fwp%2Fv2%2Fcomments&post=9963"}],"version-history":[{"count":1,"href":"http:\/\/ipv.salta.gov.ar\/index.php?rest_route=\/wp\/v2\/posts\/9963\/revisions"}],"predecessor-version":[{"id":9964,"href":"http:\/\/ipv.salta.gov.ar\/index.php?rest_route=\/wp\/v2\/posts\/9963\/revisions\/9964"}],"wp:featuredmedia":[{"embeddable":true,"href":"http:\/\/ipv.salta.gov.ar\/index.php?rest_route=\/wp\/v2\/media\/9962"}],"wp:attachment":[{"href":"http:\/\/ipv.salta.gov.ar\/index.php?rest_route=%2Fwp%2Fv2%2Fmedia&parent=9963"}],"wp:term":[{"taxonomy":"category","embeddable":true,"href":"http:\/\/ipv.salta.gov.ar\/index.php?rest_route=%2Fwp%2Fv2%2Fcategories&post=9963"},{"taxonomy":"post_tag","embeddable":true,"href":"http:\/\/ipv.salta.gov.ar\/index.php?rest_route=%2Fwp%2Fv2%2Ftags&post=9963"}],"curies":[{"name":"wp","href":"https:\/\/api.w.org\/{rel}","templated":true}]}}