{"id":9965,"date":"2019-12-07T11:35:00","date_gmt":"2019-12-07T14:35:00","guid":{"rendered":"http:\/\/ipv.salta.gov.ar\/?p=9965"},"modified":"2019-12-09T07:37:26","modified_gmt":"2019-12-09T10:37:26","slug":"urtubey-inicio-la-entrega-de-viviendas-en-la-urbanizacion-pereyra-rozas","status":"publish","type":"post","link":"http:\/\/ipv.salta.gov.ar\/?p=9965","title":{"rendered":"Urtubey inici\u00f3 la entrega de viviendas en la urbanizaci\u00f3n Pereyra Rozas"},"content":{"rendered":"<figure class=\"wp-block-image size-large\"><img decoding=\"async\" loading=\"lazy\" width=\"600\" height=\"400\" src=\"http:\/\/ipv.salta.gov.ar\/wp-content\/uploads\/2019\/12\/1-Titulo-WEB-Pereira-Rosas-600x400.jpg\" alt=\"\" class=\"wp-image-9961\" srcset=\"http:\/\/ipv.salta.gov.ar\/wp-content\/uploads\/2019\/12\/1-Titulo-WEB-Pereira-Rosas-600x400.jpg 600w, http:\/\/ipv.salta.gov.ar\/wp-content\/uploads\/2019\/12\/1-Titulo-WEB-Pereira-Rosas-300x200.jpg 300w, http:\/\/ipv.salta.gov.ar\/wp-content\/uploads\/2019\/12\/1-Titulo-WEB-Pereira-Rosas-768x511.jpg 768w, http:\/\/ipv.salta.gov.ar\/wp-content\/uploads\/2019\/12\/1-Titulo-WEB-Pereira-Rosas.jpg 1000w\" sizes=\"(max-width: 600px) 100vw, 600px\" \/><\/figure>\n<p><strong>Son los primeros 29 nuevos propietarios de las 501 viviendas que ejecut\u00f3 la Provincia a trav\u00e9s del IPV. El Gobernador adelant\u00f3 que en las pr\u00f3ximas semanas estar\u00e1n listas para entregar 85 casas m\u00e1s.<\/strong><\/p>\n<p><!--more--><\/p>\n<p>El gobernador Juan Manuel Urtubey, acompa\u00f1ado por<br \/>\nsu esposa Isabel Macedo, encabez\u00f3 la entrega de 29 casas ubicadas en barrio<br \/>\nPereyra Rozas, en el norte de la ciudad. Esta es la primera entrega de las 501<br \/>\nviviendas sorteadas en diciembre de 2017.&nbsp;&nbsp;<\/p>\n<p>El Gobernador manifest\u00f3 que hasta ahora ya se<br \/>\nentreg\u00f3&nbsp;m\u00e1s de 20.600 unidades habitacionales&nbsp; en toda<br \/>\nSalta.&nbsp;Adelant\u00f3 que en las pr\u00f3ximas semanas en el barrio Pereyra<br \/>\nRozas&nbsp;estar\u00e1n listas para entregar 85 casas m\u00e1s.<\/p>\n<p>En el lugar se instal\u00f3 el m\u00f3vil del Registro Civil<br \/>\npara&nbsp; realizar cambios de domicilio a los nuevos vecinos que lo<br \/>\nsolicitaron.<\/p>\n<p>La manzana se compone por tres viviendas de una<br \/>\nplanta, una vivienda adaptada y 25 d\u00faplex. Cuentan con dos dormitorios, ba\u00f1o,<br \/>\ncocina-comedor y lavadero externo; las unidades est\u00e1n provistas de calefones.<\/p>\n<p>La urbanizaci\u00f3n Pereyra Rozas tiene 106 hect\u00e1reas,<br \/>\nde las cuales 20 fueron&nbsp; destinadas a Procrear y las restantes para el<br \/>\nIPV.<\/p>\n<p>Actualmente se construyen m\u00e1s de 700 unidades<br \/>\nhabitacionales y el IPV tiene un proyecto por un total de aproximadamente 3 mil<br \/>\nunidades en dicho predio.<\/p>\n<p>Participaron el jefe de Gabinete de Ministros<br \/>\nBaltasar Saravia, el ministro de Infraestructura, Tierra y Vivienda Jorge Klix;<br \/>\nla secretaria de Infraestructura Urbana de Naci\u00f3n, Marina Klemensiewiczk; el<br \/>\ntitular del IPV Segio Zorpudes y&nbsp;el titular del Registro Civil, Mat\u00edas<br \/>\nAssennato.<\/p>\n","protected":false},"excerpt":{"rendered":"<p>Son los primeros 29 nuevos propietarios de las 501 viviendas que ejecut\u00f3 la Provincia a trav\u00e9s del IPV. El Gobernador adelant\u00f3 que en las pr\u00f3ximas semanas estar\u00e1n listas para entregar 85 casas m\u00e1s.<\/p>\n","protected":false},"author":3,"featured_media":9961,"comment_status":"closed","ping_status":"closed","sticky":false,"template":"","format":"standard","meta":{"footnotes":""},"categories":[4],"tags":[],"_links":{"self":[{"href":"http:\/\/ipv.salta.gov.ar\/index.php?rest_route=\/wp\/v2\/posts\/9965"}],"collection":[{"href":"http:\/\/ipv.salta.gov.ar\/index.php?rest_route=\/wp\/v2\/posts"}],"about":[{"href":"http:\/\/ipv.salta.gov.ar\/index.php?rest_route=\/wp\/v2\/types\/post"}],"author":[{"embeddable":true,"href":"http:\/\/ipv.salta.gov.ar\/index.php?rest_route=\/wp\/v2\/users\/3"}],"replies":[{"embeddable":true,"href":"http:\/\/ipv.salta.gov.ar\/index.php?rest_route=%2Fwp%2Fv2%2Fcomments&post=9965"}],"version-history":[{"count":1,"href":"http:\/\/ipv.salta.gov.ar\/index.php?rest_route=\/wp\/v2\/posts\/9965\/revisions"}],"predecessor-version":[{"id":9966,"href":"http:\/\/ipv.salta.gov.ar\/index.php?rest_route=\/wp\/v2\/posts\/9965\/revisions\/9966"}],"wp:featuredmedia":[{"embeddable":true,"href":"http:\/\/ipv.salta.gov.ar\/index.php?rest_route=\/wp\/v2\/media\/9961"}],"wp:attachment":[{"href":"http:\/\/ipv.salta.gov.ar\/index.php?rest_route=%2Fwp%2Fv2%2Fmedia&parent=9965"}],"wp:term":[{"taxonomy":"category","embeddable":true,"href":"http:\/\/ipv.salta.gov.ar\/index.php?rest_route=%2Fwp%2Fv2%2Fcategories&post=9965"},{"taxonomy":"post_tag","embeddable":true,"href":"http:\/\/ipv.salta.gov.ar\/index.php?rest_route=%2Fwp%2Fv2%2Ftags&post=9965"}],"curies":[{"name":"wp","href":"https:\/\/api.w.org\/{rel}","templated":true}]}}